{"id":5866,"date":"2018-01-18T22:00:01","date_gmt":"2018-01-18T22:00:01","guid":{"rendered":"http:\/\/www.ticmais.pt\/?p=5866"},"modified":"2018-01-18T22:03:18","modified_gmt":"2018-01-18T22:03:18","slug":"samsung-desenvolve-bateria-rapida-para-veiculos-electricos","status":"publish","type":"post","link":"https:\/\/www.ticmais.pt\/?p=5866","title":{"rendered":"Samsung desenvolve bateria r\u00e1pida para ve\u00edculos el\u00e9ctricos"},"content":{"rendered":"<p><img decoding=\"async\" class=\"alignleft\" src=\"\/\/www.ticmais.pt\/ticmais\/imagens\/Samsungdesenvolvebateriarpidaparaveculoselctricos.jpg\" \/><\/p>\n<p style=\"text-align: justify;\">A Samsung acaba de apresentar uma proposta que, n\u00e3o sendo propriamente revolucion\u00e1ria, \u00e9 com certeza um passo importante para que o mercado dos ve\u00edculos el\u00e9ctricos avance \u201csobre rodas\u201d. Trata-se de uma bateria que os asi\u00e1ticos garantem que \u00e9 carregada integralmente em apenas 20 minutos e permite uma autonomia na ordem dos 600 quil\u00f3metros. <a href=\"https:\/\/www.maistecnologia.com\/samsung-desenvolve-bateria-rapida-veiculos-electricos\/\">Mais&#8230;<\/a><\/p>\n<p>&nbsp;<\/p>\n","protected":false},"excerpt":{"rendered":"<p>A Samsung acaba de apresentar uma proposta que, n\u00e3o sendo propriamente revolucion\u00e1ria, \u00e9 com certeza um passo importante para que o mercado dos ve\u00edculos el\u00e9ctricos avance \u201csobre rodas\u201d. Trata-se de uma bateria que os asi\u00e1ticos garantem que \u00e9 carregada integralmente em apenas 20 minutos e permite uma autonomia na ordem dos 600 quil\u00f3metros. Mais&#8230; &nbsp;<\/p>\n","protected":false},"author":1,"featured_media":0,"comment_status":"closed","ping_status":"closed","sticky":false,"template":"","format":"standard","meta":{"footnotes":""},"categories":[15],"tags":[184,2342,2782,94,59],"class_list":["post-5866","post","type-post","status-publish","format-standard","hentry","category-tic-mais","tag-baterias","tag-carregamento","tag-rapido","tag-samsung","tag-veiculos-electricos"],"_links":{"self":[{"href":"https:\/\/www.ticmais.pt\/index.php?rest_route=\/wp\/v2\/posts\/5866","targetHints":{"allow":["GET"]}}],"collection":[{"href":"https:\/\/www.ticmais.pt\/index.php?rest_route=\/wp\/v2\/posts"}],"about":[{"href":"https:\/\/www.ticmais.pt\/index.php?rest_route=\/wp\/v2\/types\/post"}],"author":[{"embeddable":true,"href":"https:\/\/www.ticmais.pt\/index.php?rest_route=\/wp\/v2\/users\/1"}],"replies":[{"embeddable":true,"href":"https:\/\/www.ticmais.pt\/index.php?rest_route=%2Fwp%2Fv2%2Fcomments&post=5866"}],"version-history":[{"count":0,"href":"https:\/\/www.ticmais.pt\/index.php?rest_route=\/wp\/v2\/posts\/5866\/revisions"}],"wp:attachment":[{"href":"https:\/\/www.ticmais.pt\/index.php?rest_route=%2Fwp%2Fv2%2Fmedia&parent=5866"}],"wp:term":[{"taxonomy":"category","embeddable":true,"href":"https:\/\/www.ticmais.pt\/index.php?rest_route=%2Fwp%2Fv2%2Fcategories&post=5866"},{"taxonomy":"post_tag","embeddable":true,"href":"https:\/\/www.ticmais.pt\/index.php?rest_route=%2Fwp%2Fv2%2Ftags&post=5866"}],"curies":[{"name":"wp","href":"https:\/\/api.w.org\/{rel}","templated":true}]}}