{"id":5876,"date":"2018-02-06T22:41:07","date_gmt":"2018-02-06T22:41:07","guid":{"rendered":"http:\/\/www.ticmais.pt\/?p=5876"},"modified":"2018-02-06T23:00:52","modified_gmt":"2018-02-06T23:00:52","slug":"sucesso-de-projetos-como-a-iki-mobile-e-tambem-o-sucesso-do-pais-diz-ministro-da-economia","status":"publish","type":"post","link":"https:\/\/www.ticmais.pt\/?p=5876","title":{"rendered":"\u201cSucesso de projetos como a Iki Mobile \u00e9 tamb\u00e9m o sucesso do pa\u00eds\u201d, diz ministro da Economia"},"content":{"rendered":"<p><img decoding=\"async\" class=\"alignleft\" src=\"\/\/www.ticmais.pt\/ticmais\/imagens\/SucessodeprojetoscomoaIkiMobiletambmosucessodopasdizministrodaEconomia.jpg\" \/><\/p>\n<p style=\"text-align: justify;\">Manuel Caldeira Cabral inaugurou a f\u00e1brica da Iki Mobile, em Coruche, e considerou ser \u201cum \u00f3timo sinal do que est\u00e1 a acontecer com muitas outras empresas, que est\u00e3o a voltar a ter a sua produ\u00e7\u00e3o na Europa e que escolhem Portugal para fazer essa produ\u00e7\u00e3o\u201d. <a href=\"https:\/\/tek.sapo.pt\/noticias\/negocios\/artigos\/sucesso-de-projetos-como-a-iki-mobile-e-tambem-o-sucesso-do-pais-diz-ministro-da-economia\">Mais&#8230;<\/a><\/p>\n<p><a href=\"http:\/\/sicnoticias.sapo.pt\/programas\/futurohoje\/2018-02-06-A-primeira-fabrica-de-telemoveis-em-Portugal\" target=\"_blank\" rel=\"noopener\"><img decoding=\"async\" src=\"\/\/www.ticmais.pt\/ticmais\/imagens\/Coruche,ticMAIS,Antonio%20Pinheiro%20da%20Costa,EI%20TV,%20Video.png\" alt=\"\" \/><\/a><\/p>\n<p>&nbsp;<\/p>\n","protected":false},"excerpt":{"rendered":"<p>Manuel Caldeira Cabral inaugurou a f\u00e1brica da Iki Mobile, em Coruche, e considerou ser \u201cum \u00f3timo sinal do que est\u00e1 a acontecer com muitas outras empresas, que est\u00e3o a voltar a ter a sua produ\u00e7\u00e3o na Europa e que escolhem Portugal para fazer essa produ\u00e7\u00e3o\u201d. Mais&#8230; &nbsp;<\/p>\n","protected":false},"author":1,"featured_media":0,"comment_status":"closed","ping_status":"closed","sticky":false,"template":"","format":"standard","meta":{"footnotes":""},"categories":[15],"tags":[3,3393,6,3087,121,3086,3397,3398,88,3399],"class_list":["post-5876","post","type-post","status-publish","format-standard","hentry","category-tic-mais","tag-camara-municipal-de-coruche","tag-ceo","tag-coruche","tag-fabrica","tag-governo","tag-iki-mobile","tag-inauguracao","tag-presidente","tag-telemoveis","tag-tito-cardoso"],"_links":{"self":[{"href":"https:\/\/www.ticmais.pt\/index.php?rest_route=\/wp\/v2\/posts\/5876","targetHints":{"allow":["GET"]}}],"collection":[{"href":"https:\/\/www.ticmais.pt\/index.php?rest_route=\/wp\/v2\/posts"}],"about":[{"href":"https:\/\/www.ticmais.pt\/index.php?rest_route=\/wp\/v2\/types\/post"}],"author":[{"embeddable":true,"href":"https:\/\/www.ticmais.pt\/index.php?rest_route=\/wp\/v2\/users\/1"}],"replies":[{"embeddable":true,"href":"https:\/\/www.ticmais.pt\/index.php?rest_route=%2Fwp%2Fv2%2Fcomments&post=5876"}],"version-history":[{"count":0,"href":"https:\/\/www.ticmais.pt\/index.php?rest_route=\/wp\/v2\/posts\/5876\/revisions"}],"wp:attachment":[{"href":"https:\/\/www.ticmais.pt\/index.php?rest_route=%2Fwp%2Fv2%2Fmedia&parent=5876"}],"wp:term":[{"taxonomy":"category","embeddable":true,"href":"https:\/\/www.ticmais.pt\/index.php?rest_route=%2Fwp%2Fv2%2Fcategories&post=5876"},{"taxonomy":"post_tag","embeddable":true,"href":"https:\/\/www.ticmais.pt\/index.php?rest_route=%2Fwp%2Fv2%2Ftags&post=5876"}],"curies":[{"name":"wp","href":"https:\/\/api.w.org\/{rel}","templated":true}]}}