{"id":5882,"date":"2018-02-22T20:27:21","date_gmt":"2018-02-22T20:27:21","guid":{"rendered":"http:\/\/www.ticmais.pt\/?p=5882"},"modified":"2018-02-22T20:30:13","modified_gmt":"2018-02-22T20:30:13","slug":"governo-cria-centro-de-competencias-digitais-para-a-administracao-publica","status":"publish","type":"post","link":"https:\/\/www.ticmais.pt\/?p=5882","title":{"rendered":"Governo cria centro de compet\u00eancias digitais para a Administra\u00e7\u00e3o P\u00fablica"},"content":{"rendered":"<p><img decoding=\"async\" class=\"alignleft\" src=\"\/\/www.ticmais.pt\/ticmais\/imagens\/GovernocriacentrodecompetnciasdigitaisparaaAdministraoPblica.jpg\" \/><\/p>\n<p style=\"text-align: justify;\">Foi esta quinta-feira aprovada a resolu\u00e7\u00e3o que cria o TicAPP &#8211; Centro de Compet\u00eancias Digitais da Administra\u00e7\u00e3o P\u00fablica. A estrutura tem como miss\u00e3o &#8220;apoiar as diferentes \u00e1reas governativas no processo de transforma\u00e7\u00e3o digital, atrav\u00e9s da promo\u00e7\u00e3o de compet\u00eancias e do desenvolvimento de projetos transversais&#8221;, pode ler-se no comunicado. <a href=\"https:\/\/tek.sapo.pt\/noticias\/computadores\/artigos\/governo-cria-centro-de-competencias-digitais-para-a-administracao-publica\">Mais&#8230;<\/a><\/p>\n<p>&nbsp;<\/p>\n","protected":false},"excerpt":{"rendered":"<p>Foi esta quinta-feira aprovada a resolu\u00e7\u00e3o que cria o TicAPP &#8211; Centro de Compet\u00eancias Digitais da Administra\u00e7\u00e3o P\u00fablica. A estrutura tem como miss\u00e3o &#8220;apoiar as diferentes \u00e1reas governativas no processo de transforma\u00e7\u00e3o digital, atrav\u00e9s da promo\u00e7\u00e3o de compet\u00eancias e do desenvolvimento de projetos transversais&#8221;, pode ler-se no comunicado. Mais&#8230; &nbsp;<\/p>\n","protected":false},"author":1,"featured_media":0,"comment_status":"closed","ping_status":"closed","sticky":false,"template":"","format":"standard","meta":{"footnotes":""},"categories":[15],"tags":[564,1356,1870,3406,3405],"class_list":["post-5882","post","type-post","status-publish","format-standard","hentry","category-tic-mais","tag-administracao-publica","tag-competencias","tag-digitais","tag-reforco","tag-ticapp"],"_links":{"self":[{"href":"https:\/\/www.ticmais.pt\/index.php?rest_route=\/wp\/v2\/posts\/5882","targetHints":{"allow":["GET"]}}],"collection":[{"href":"https:\/\/www.ticmais.pt\/index.php?rest_route=\/wp\/v2\/posts"}],"about":[{"href":"https:\/\/www.ticmais.pt\/index.php?rest_route=\/wp\/v2\/types\/post"}],"author":[{"embeddable":true,"href":"https:\/\/www.ticmais.pt\/index.php?rest_route=\/wp\/v2\/users\/1"}],"replies":[{"embeddable":true,"href":"https:\/\/www.ticmais.pt\/index.php?rest_route=%2Fwp%2Fv2%2Fcomments&post=5882"}],"version-history":[{"count":0,"href":"https:\/\/www.ticmais.pt\/index.php?rest_route=\/wp\/v2\/posts\/5882\/revisions"}],"wp:attachment":[{"href":"https:\/\/www.ticmais.pt\/index.php?rest_route=%2Fwp%2Fv2%2Fmedia&parent=5882"}],"wp:term":[{"taxonomy":"category","embeddable":true,"href":"https:\/\/www.ticmais.pt\/index.php?rest_route=%2Fwp%2Fv2%2Fcategories&post=5882"},{"taxonomy":"post_tag","embeddable":true,"href":"https:\/\/www.ticmais.pt\/index.php?rest_route=%2Fwp%2Fv2%2Ftags&post=5882"}],"curies":[{"name":"wp","href":"https:\/\/api.w.org\/{rel}","templated":true}]}}