{"id":5894,"date":"2018-03-22T19:44:44","date_gmt":"2018-03-22T19:44:44","guid":{"rendered":"https:\/\/www.ticmais.pt\/?p=5894"},"modified":"2018-03-22T19:45:44","modified_gmt":"2018-03-22T19:45:44","slug":"lsev-carro-e-feito-com-impressora-3d-e-deve-chegar-ao-mercado-em-2019","status":"publish","type":"post","link":"https:\/\/www.ticmais.pt\/?p=5894","title":{"rendered":"LSEV: carro \u00e9 feito com impressora 3D e deve chegar ao mercado em 2019"},"content":{"rendered":"<p><img decoding=\"async\" class=\"alignleft\" src=\"https:\/\/www.ticmais.pt\/ticmais\/imagens\/LSEVcarrofeitocomimpressora3Dedevechegaraomercadoem2019.jpg\" \/><\/p>\n<p style=\"text-align: justify;\">O LSEV \u00e9 um carro el\u00e9trico feito com impress\u00e3o 3D que pode chegar ao mercado e \u00e0s ruas da \u00c1sia e da Europa no pr\u00f3ximo ano. Previsto para o segundo trimestre de 2019, o modelo leva apenas tr\u00eas dias para ser fabricado, \u00e9 at\u00e9 cinco vezes mais forte que um modelo convencional e todos os componentes vis\u00edveis, como portas, painel, carca\u00e7as e para-choques, s\u00e3o impressos. <a href=\"https:\/\/www.techtudo.com.br\/noticias\/2018\/03\/lsev-carro-e-feito-com-impressora-3d-e-deve-chegar-ao-mercado-em-2019.ghtml\">Mais&#8230;<\/a><\/p>\n<p>&nbsp;<\/p>\n","protected":false},"excerpt":{"rendered":"<p>O LSEV \u00e9 um carro el\u00e9trico feito com impress\u00e3o 3D que pode chegar ao mercado e \u00e0s ruas da \u00c1sia e da Europa no pr\u00f3ximo ano. Previsto para o segundo trimestre de 2019, o modelo leva apenas tr\u00eas dias para ser fabricado, \u00e9 at\u00e9 cinco vezes mais forte que um modelo convencional e todos os [&hellip;]<\/p>\n","protected":false},"author":1,"featured_media":0,"comment_status":"closed","ping_status":"closed","sticky":false,"template":"","format":"standard","meta":{"footnotes":""},"categories":[15],"tags":[1178,1729,3416,59],"class_list":["post-5894","post","type-post","status-publish","format-standard","hentry","category-tic-mais","tag-3d","tag-impressao","tag-lsev","tag-veiculos-electricos"],"_links":{"self":[{"href":"https:\/\/www.ticmais.pt\/index.php?rest_route=\/wp\/v2\/posts\/5894","targetHints":{"allow":["GET"]}}],"collection":[{"href":"https:\/\/www.ticmais.pt\/index.php?rest_route=\/wp\/v2\/posts"}],"about":[{"href":"https:\/\/www.ticmais.pt\/index.php?rest_route=\/wp\/v2\/types\/post"}],"author":[{"embeddable":true,"href":"https:\/\/www.ticmais.pt\/index.php?rest_route=\/wp\/v2\/users\/1"}],"replies":[{"embeddable":true,"href":"https:\/\/www.ticmais.pt\/index.php?rest_route=%2Fwp%2Fv2%2Fcomments&post=5894"}],"version-history":[{"count":0,"href":"https:\/\/www.ticmais.pt\/index.php?rest_route=\/wp\/v2\/posts\/5894\/revisions"}],"wp:attachment":[{"href":"https:\/\/www.ticmais.pt\/index.php?rest_route=%2Fwp%2Fv2%2Fmedia&parent=5894"}],"wp:term":[{"taxonomy":"category","embeddable":true,"href":"https:\/\/www.ticmais.pt\/index.php?rest_route=%2Fwp%2Fv2%2Fcategories&post=5894"},{"taxonomy":"post_tag","embeddable":true,"href":"https:\/\/www.ticmais.pt\/index.php?rest_route=%2Fwp%2Fv2%2Ftags&post=5894"}],"curies":[{"name":"wp","href":"https:\/\/api.w.org\/{rel}","templated":true}]}}