{"id":5921,"date":"2018-06-04T15:27:08","date_gmt":"2018-06-04T15:27:08","guid":{"rendered":"https:\/\/www.ticmais.pt\/?p=5921"},"modified":"2018-06-04T15:30:37","modified_gmt":"2018-06-04T15:30:37","slug":"evora-primeira-central-fotovoltaica-vai-abastecer-10-000-lares","status":"publish","type":"post","link":"https:\/\/www.ticmais.pt\/?p=5921","title":{"rendered":"\u00c9vora: Primeira central fotovoltaica vai abastecer 10.000 lares"},"content":{"rendered":"<p style=\"text-align: justify;\"><img decoding=\"async\" class=\"alignleft\" src=\"https:\/\/www.ticmais.pt\/ticmais\/imagens\/voraPrimeiracentralfotovoltaicavaiabastecer10.000lares.jpg\" \/>Come\u00e7ou a ser constru\u00edda em \u00c9vora a primeira central fotovoltaica de toda a Pen\u00ednsula Ib\u00e9rica que n\u00e3o receber\u00e1 qualquer tipo de subs\u00eddios p\u00fablicos. O projeto surge no seguimento de um contrato pioneiro de compra de energia (PPA \u2013 Power Purchase Agreement) a 10 anos, celebrado com o grupo energ\u00e9tico su\u00ed\u00e7o Axpo, que possibilita a comercializa\u00e7\u00e3o de energia e respalda o financiamento privado do projeto. <a href=\"https:\/\/empresashoje.pt\/informacao\/evora-primeira-central-fotovoltaica-vai-abastecer-10-000-lares\/\">Mais&#8230;<\/a><\/p>\n","protected":false},"excerpt":{"rendered":"<p>Come\u00e7ou a ser constru\u00edda em \u00c9vora a primeira central fotovoltaica de toda a Pen\u00ednsula Ib\u00e9rica que n\u00e3o receber\u00e1 qualquer tipo de subs\u00eddios p\u00fablicos. O projeto surge no seguimento de um contrato pioneiro de compra de energia (PPA \u2013 Power Purchase Agreement) a 10 anos, celebrado com o grupo energ\u00e9tico su\u00ed\u00e7o Axpo, que possibilita a comercializa\u00e7\u00e3o [&hellip;]<\/p>\n","protected":false},"author":1,"featured_media":0,"comment_status":"closed","ping_status":"closed","sticky":false,"template":"","format":"standard","meta":{"footnotes":""},"categories":[15],"tags":[3451,2050,1477],"class_list":["post-5921","post","type-post","status-publish","format-standard","hentry","category-tic-mais","tag-central-fotovoltaica","tag-evora","tag-primeira"],"_links":{"self":[{"href":"https:\/\/www.ticmais.pt\/index.php?rest_route=\/wp\/v2\/posts\/5921","targetHints":{"allow":["GET"]}}],"collection":[{"href":"https:\/\/www.ticmais.pt\/index.php?rest_route=\/wp\/v2\/posts"}],"about":[{"href":"https:\/\/www.ticmais.pt\/index.php?rest_route=\/wp\/v2\/types\/post"}],"author":[{"embeddable":true,"href":"https:\/\/www.ticmais.pt\/index.php?rest_route=\/wp\/v2\/users\/1"}],"replies":[{"embeddable":true,"href":"https:\/\/www.ticmais.pt\/index.php?rest_route=%2Fwp%2Fv2%2Fcomments&post=5921"}],"version-history":[{"count":0,"href":"https:\/\/www.ticmais.pt\/index.php?rest_route=\/wp\/v2\/posts\/5921\/revisions"}],"wp:attachment":[{"href":"https:\/\/www.ticmais.pt\/index.php?rest_route=%2Fwp%2Fv2%2Fmedia&parent=5921"}],"wp:term":[{"taxonomy":"category","embeddable":true,"href":"https:\/\/www.ticmais.pt\/index.php?rest_route=%2Fwp%2Fv2%2Fcategories&post=5921"},{"taxonomy":"post_tag","embeddable":true,"href":"https:\/\/www.ticmais.pt\/index.php?rest_route=%2Fwp%2Fv2%2Ftags&post=5921"}],"curies":[{"name":"wp","href":"https:\/\/api.w.org\/{rel}","templated":true}]}}