{"id":5937,"date":"2018-06-20T10:44:43","date_gmt":"2018-06-20T10:44:43","guid":{"rendered":"https:\/\/www.ticmais.pt\/?p=5937"},"modified":"2018-06-20T10:50:10","modified_gmt":"2018-06-20T10:50:10","slug":"uou-um-veiculo-eletrico-feito-em-portugal","status":"publish","type":"post","link":"https:\/\/www.ticmais.pt\/?p=5937","title":{"rendered":"UOU, um ve\u00edculo el\u00e9trico feito em Portugal"},"content":{"rendered":"<p><img decoding=\"async\" class=\"alignleft\" src=\"https:\/\/www.ticmais.pt\/ticmais\/imagens\/UOUumveculoeltricofeitoemPortugal.jpg\" \/>Um ve\u00edculo el\u00e9trico que nasceu em S\u00e3o Jo\u00e3o da Madeira. O triciclo el\u00e9trico vai ser usado pelos CTT no Porto, Lisboa e \u00c9vora. O prot\u00f3tipo alia a agilidade de uma scooter e o conforto de um autom\u00f3vel, podendo chegar aos 45 km\/h e com uma autonomia de 85 quil\u00f3metros. Os consumidores finais podem vir a comprar um destes ve\u00edculos no final do ano. <a href=\"http:\/\/exameinformatica.sapo.pt\/mobilidade_inteligente\/2018-06-19-UOU-um-veiculo-eletrico-feito-em-Portugal\">Mais&#8230;<\/a><\/p>\n","protected":false},"excerpt":{"rendered":"<p>Um ve\u00edculo el\u00e9trico que nasceu em S\u00e3o Jo\u00e3o da Madeira. O triciclo el\u00e9trico vai ser usado pelos CTT no Porto, Lisboa e \u00c9vora. O prot\u00f3tipo alia a agilidade de uma scooter e o conforto de um autom\u00f3vel, podendo chegar aos 45 km\/h e com uma autonomia de 85 quil\u00f3metros. Os consumidores finais podem vir a [&hellip;]<\/p>\n","protected":false},"author":1,"featured_media":0,"comment_status":"closed","ping_status":"closed","sticky":false,"template":"","format":"standard","meta":{"footnotes":""},"categories":[15],"tags":[3456,59],"class_list":["post-5937","post","type-post","status-publish","format-standard","hentry","category-tic-mais","tag-uou","tag-veiculos-electricos"],"_links":{"self":[{"href":"https:\/\/www.ticmais.pt\/index.php?rest_route=\/wp\/v2\/posts\/5937","targetHints":{"allow":["GET"]}}],"collection":[{"href":"https:\/\/www.ticmais.pt\/index.php?rest_route=\/wp\/v2\/posts"}],"about":[{"href":"https:\/\/www.ticmais.pt\/index.php?rest_route=\/wp\/v2\/types\/post"}],"author":[{"embeddable":true,"href":"https:\/\/www.ticmais.pt\/index.php?rest_route=\/wp\/v2\/users\/1"}],"replies":[{"embeddable":true,"href":"https:\/\/www.ticmais.pt\/index.php?rest_route=%2Fwp%2Fv2%2Fcomments&post=5937"}],"version-history":[{"count":0,"href":"https:\/\/www.ticmais.pt\/index.php?rest_route=\/wp\/v2\/posts\/5937\/revisions"}],"wp:attachment":[{"href":"https:\/\/www.ticmais.pt\/index.php?rest_route=%2Fwp%2Fv2%2Fmedia&parent=5937"}],"wp:term":[{"taxonomy":"category","embeddable":true,"href":"https:\/\/www.ticmais.pt\/index.php?rest_route=%2Fwp%2Fv2%2Fcategories&post=5937"},{"taxonomy":"post_tag","embeddable":true,"href":"https:\/\/www.ticmais.pt\/index.php?rest_route=%2Fwp%2Fv2%2Ftags&post=5937"}],"curies":[{"name":"wp","href":"https:\/\/api.w.org\/{rel}","templated":true}]}}