{"id":5955,"date":"2018-07-24T14:33:53","date_gmt":"2018-07-24T13:33:53","guid":{"rendered":"https:\/\/www.ticmais.pt\/?p=5955"},"modified":"2018-07-24T14:48:19","modified_gmt":"2018-07-24T13:48:19","slug":"samsung-quer-lancar-um-carregador-sem-fios-duplo-porque-a-apple-tambem-tem","status":"publish","type":"post","link":"https:\/\/www.ticmais.pt\/?p=5955","title":{"rendered":"Samsung quer lan\u00e7ar um carregador sem fios duplo porque a Apple tamb\u00e9m tem"},"content":{"rendered":"<p style=\"text-align: justify;\"><img decoding=\"async\" class=\"alignleft\" src=\"https:\/\/www.ticmais.pt\/ticmais\/imagens\/SamsungquerlanarumcarregadorsemfiosduploporqueaAppletambmtem.jpg\" \/>A Samsung e a Apple est\u00e3o h\u00e1 anos nesta luta mercantil, tecnol\u00f3gica e parece que a esta altura apertam-se ainda mais as \u201cguerras\u201d pelo lan\u00e7amento de produtos ao mercado.<br \/>\nPara l\u00e1 dos v\u00eddeos promocionais Samsung onde o alvo direto e sem filtro \u00e9 a Apple, agora a empresa sul-coreana parece virada a apresentar um carregador sem fios tal como fez da empresa de Cupertino com o AirPower. <a href=\"https:\/\/pplware.sapo.pt\/informacao\/samsung-quer-lancar-um-carregador-sem-fio-duplo-porque-a-apple-tambem-tem-um\/\">Mais&#8230;<\/a><\/p>\n","protected":false},"excerpt":{"rendered":"<p>A Samsung e a Apple est\u00e3o h\u00e1 anos nesta luta mercantil, tecnol\u00f3gica e parece que a esta altura apertam-se ainda mais as \u201cguerras\u201d pelo lan\u00e7amento de produtos ao mercado. Para l\u00e1 dos v\u00eddeos promocionais Samsung onde o alvo direto e sem filtro \u00e9 a Apple, agora a empresa sul-coreana parece virada a apresentar um carregador [&hellip;]<\/p>\n","protected":false},"author":1,"featured_media":0,"comment_status":"closed","ping_status":"closed","sticky":false,"template":"","format":"standard","meta":{"footnotes":""},"categories":[15],"tags":[103,332,94,820],"class_list":["post-5955","post","type-post","status-publish","format-standard","hentry","category-tic-mais","tag-apple","tag-carregadores","tag-samsung","tag-sem-fios"],"_links":{"self":[{"href":"https:\/\/www.ticmais.pt\/index.php?rest_route=\/wp\/v2\/posts\/5955","targetHints":{"allow":["GET"]}}],"collection":[{"href":"https:\/\/www.ticmais.pt\/index.php?rest_route=\/wp\/v2\/posts"}],"about":[{"href":"https:\/\/www.ticmais.pt\/index.php?rest_route=\/wp\/v2\/types\/post"}],"author":[{"embeddable":true,"href":"https:\/\/www.ticmais.pt\/index.php?rest_route=\/wp\/v2\/users\/1"}],"replies":[{"embeddable":true,"href":"https:\/\/www.ticmais.pt\/index.php?rest_route=%2Fwp%2Fv2%2Fcomments&post=5955"}],"version-history":[{"count":0,"href":"https:\/\/www.ticmais.pt\/index.php?rest_route=\/wp\/v2\/posts\/5955\/revisions"}],"wp:attachment":[{"href":"https:\/\/www.ticmais.pt\/index.php?rest_route=%2Fwp%2Fv2%2Fmedia&parent=5955"}],"wp:term":[{"taxonomy":"category","embeddable":true,"href":"https:\/\/www.ticmais.pt\/index.php?rest_route=%2Fwp%2Fv2%2Fcategories&post=5955"},{"taxonomy":"post_tag","embeddable":true,"href":"https:\/\/www.ticmais.pt\/index.php?rest_route=%2Fwp%2Fv2%2Ftags&post=5955"}],"curies":[{"name":"wp","href":"https:\/\/api.w.org\/{rel}","templated":true}]}}