{"id":5965,"date":"2018-08-07T22:31:11","date_gmt":"2018-08-07T21:31:11","guid":{"rendered":"https:\/\/www.ticmais.pt\/?p=5965"},"modified":"2018-08-07T22:33:09","modified_gmt":"2018-08-07T21:33:09","slug":"portugal-precos-da-eletricidade-e-gas-sao-dos-mais-caros-da-europa","status":"publish","type":"post","link":"https:\/\/www.ticmais.pt\/?p=5965","title":{"rendered":"Portugal: Pre\u00e7os da eletricidade e g\u00e1s s\u00e3o dos mais caros da Europa"},"content":{"rendered":"<p style=\"text-align: justify;\"><img decoding=\"async\" class=\"alignleft\" src=\"https:\/\/www.ticmais.pt\/ticmais\/imagens\/PortugalPreosdaeletricidadeegssodosmaiscarosdaEuropa.jpg\" \/>O Eurostat, autoridade estat\u00edstica da Uni\u00e3o Europeia, foi criado em 1953 e \u00e9 atualmente uma Direc\u00e7\u00e3o-Geral (DG) da Comiss\u00e3o Europeia que tem como papel fundamental fornecer estat\u00edsticas \u00e0 Comiss\u00e3o e \u00e0s outras institui\u00e7\u00f5es europeias para que possam ser definidas, implementadas e analisadas as pol\u00edticas comunit\u00e1rias.<br \/>\nRecentemente, e pela primeira vez, a Eurostat publicou um comparativo de pre\u00e7os da eletricidade e do g\u00e1s e Portugal \u00e9 dos que tem pre\u00e7os mais caros. <a href=\"https:\/\/pplware.sapo.pt\/informacao\/portugal-precos-da-eletricidade-e-gas-sao-dos-mais-caros-da-europa\/\">Mais&#8230;<\/a><\/p>\n","protected":false},"excerpt":{"rendered":"<p>O Eurostat, autoridade estat\u00edstica da Uni\u00e3o Europeia, foi criado em 1953 e \u00e9 atualmente uma Direc\u00e7\u00e3o-Geral (DG) da Comiss\u00e3o Europeia que tem como papel fundamental fornecer estat\u00edsticas \u00e0 Comiss\u00e3o e \u00e0s outras institui\u00e7\u00f5es europeias para que possam ser definidas, implementadas e analisadas as pol\u00edticas comunit\u00e1rias. Recentemente, e pela primeira vez, a Eurostat publicou um comparativo [&hellip;]<\/p>\n","protected":false},"author":1,"featured_media":0,"comment_status":"closed","ping_status":"closed","sticky":false,"template":"","format":"standard","meta":{"footnotes":""},"categories":[15],"tags":[641,2592,825,570,2150,265,99],"class_list":["post-5965","post","type-post","status-publish","format-standard","hentry","category-tic-mais","tag-comparativo","tag-eletricidade","tag-estatistica","tag-eurostat","tag-gas","tag-precos","tag-uniao-europeia"],"_links":{"self":[{"href":"https:\/\/www.ticmais.pt\/index.php?rest_route=\/wp\/v2\/posts\/5965","targetHints":{"allow":["GET"]}}],"collection":[{"href":"https:\/\/www.ticmais.pt\/index.php?rest_route=\/wp\/v2\/posts"}],"about":[{"href":"https:\/\/www.ticmais.pt\/index.php?rest_route=\/wp\/v2\/types\/post"}],"author":[{"embeddable":true,"href":"https:\/\/www.ticmais.pt\/index.php?rest_route=\/wp\/v2\/users\/1"}],"replies":[{"embeddable":true,"href":"https:\/\/www.ticmais.pt\/index.php?rest_route=%2Fwp%2Fv2%2Fcomments&post=5965"}],"version-history":[{"count":0,"href":"https:\/\/www.ticmais.pt\/index.php?rest_route=\/wp\/v2\/posts\/5965\/revisions"}],"wp:attachment":[{"href":"https:\/\/www.ticmais.pt\/index.php?rest_route=%2Fwp%2Fv2%2Fmedia&parent=5965"}],"wp:term":[{"taxonomy":"category","embeddable":true,"href":"https:\/\/www.ticmais.pt\/index.php?rest_route=%2Fwp%2Fv2%2Fcategories&post=5965"},{"taxonomy":"post_tag","embeddable":true,"href":"https:\/\/www.ticmais.pt\/index.php?rest_route=%2Fwp%2Fv2%2Ftags&post=5965"}],"curies":[{"name":"wp","href":"https:\/\/api.w.org\/{rel}","templated":true}]}}