{"id":5992,"date":"2018-09-13T14:03:43","date_gmt":"2018-09-13T13:03:43","guid":{"rendered":"https:\/\/www.ticmais.pt\/?p=5992"},"modified":"2018-09-13T14:05:18","modified_gmt":"2018-09-13T13:05:18","slug":"partilhar-e-reutilizar-solucoes-para-a-administracao-publica-mas-tambem-empresas-e-cidadaos","status":"publish","type":"post","link":"https:\/\/www.ticmais.pt\/?p=5992","title":{"rendered":"Partilhar e reutilizar solu\u00e7\u00f5es para a administra\u00e7\u00e3o p\u00fablica mas tamb\u00e9m empresas e cidad\u00e3os"},"content":{"rendered":"<p style=\"text-align: justify;\"><img decoding=\"async\" class=\"alignleft\" src=\"https:\/\/www.ticmais.pt\/ticmais\/imagens\/Partilharereutilizarsoluesparaaadministraopblicamastambmempresasecidados.jpg\" \/>A plataforma foi criada pela comiss\u00e3o Europeia e o objetivo \u00e9 permitir a colabora\u00e7\u00e3o, partilha e reutiliza\u00e7\u00e3o de solu\u00e7\u00f5es de interoperabilidade j\u00e1 a funcionar nas organiza\u00e7\u00f5es da administra\u00e7\u00e3o p\u00fablica mas tamb\u00e9m nas empresas, abrindo igualmente portas aos cidad\u00e3os. <a href=\"https:\/\/tek.sapo.pt\/extras\/site-do-dia\/artigos\/partilhar-e-reutilizar-solucoes-para-a-administracao-publica-mas-tambem-empresas-e-cidadaos\">Mais&#8230;<\/a><\/p>\n","protected":false},"excerpt":{"rendered":"<p>A plataforma foi criada pela comiss\u00e3o Europeia e o objetivo \u00e9 permitir a colabora\u00e7\u00e3o, partilha e reutiliza\u00e7\u00e3o de solu\u00e7\u00f5es de interoperabilidade j\u00e1 a funcionar nas organiza\u00e7\u00f5es da administra\u00e7\u00e3o p\u00fablica mas tamb\u00e9m nas empresas, abrindo igualmente portas aos cidad\u00e3os. Mais&#8230;<\/p>\n","protected":false},"author":1,"featured_media":0,"comment_status":"closed","ping_status":"closed","sticky":false,"template":"","format":"standard","meta":{"footnotes":""},"categories":[15],"tags":[564,3503,1243,1290,1259,1196],"class_list":["post-5992","post","type-post","status-publish","format-standard","hentry","category-tic-mais","tag-administracao-publica","tag-joinup","tag-partilhar","tag-portal","tag-site","tag-solucoes"],"_links":{"self":[{"href":"https:\/\/www.ticmais.pt\/index.php?rest_route=\/wp\/v2\/posts\/5992","targetHints":{"allow":["GET"]}}],"collection":[{"href":"https:\/\/www.ticmais.pt\/index.php?rest_route=\/wp\/v2\/posts"}],"about":[{"href":"https:\/\/www.ticmais.pt\/index.php?rest_route=\/wp\/v2\/types\/post"}],"author":[{"embeddable":true,"href":"https:\/\/www.ticmais.pt\/index.php?rest_route=\/wp\/v2\/users\/1"}],"replies":[{"embeddable":true,"href":"https:\/\/www.ticmais.pt\/index.php?rest_route=%2Fwp%2Fv2%2Fcomments&post=5992"}],"version-history":[{"count":0,"href":"https:\/\/www.ticmais.pt\/index.php?rest_route=\/wp\/v2\/posts\/5992\/revisions"}],"wp:attachment":[{"href":"https:\/\/www.ticmais.pt\/index.php?rest_route=%2Fwp%2Fv2%2Fmedia&parent=5992"}],"wp:term":[{"taxonomy":"category","embeddable":true,"href":"https:\/\/www.ticmais.pt\/index.php?rest_route=%2Fwp%2Fv2%2Fcategories&post=5992"},{"taxonomy":"post_tag","embeddable":true,"href":"https:\/\/www.ticmais.pt\/index.php?rest_route=%2Fwp%2Fv2%2Ftags&post=5992"}],"curies":[{"name":"wp","href":"https:\/\/api.w.org\/{rel}","templated":true}]}}