{"id":6008,"date":"2018-10-02T16:38:58","date_gmt":"2018-10-02T15:38:58","guid":{"rendered":"https:\/\/www.ticmais.pt\/?p=6008"},"modified":"2018-10-02T16:39:34","modified_gmt":"2018-10-02T15:39:34","slug":"web-summit-sempre-fica-em-lisboa","status":"publish","type":"post","link":"https:\/\/www.ticmais.pt\/?p=6008","title":{"rendered":"Web Summit sempre fica em Lisboa"},"content":{"rendered":"<p style=\"text-align: justify;\"><img decoding=\"async\" class=\"alignleft\" src=\"https:\/\/www.ticmais.pt\/ticmais\/imagens\/WebSummitsempreficaemLisboa.jpg\" \/>As apostas pareciam pender para outros locais, mas a confer\u00eancia internacional de tecnologia e empreendedorismo n\u00e3o sai da capital portuguesa na pr\u00f3xima d\u00e9cada.<br \/>\nO an\u00fancio oficial est\u00e1 marcado para esta quarta-feira, dia 3 de outubro, mas o Governo j\u00e1 confirmou que o Web Summit vai continuar em Lisboa, segundo avan\u00e7ou ao in\u00edcio da tarde a Antena 1. E, possivelmente, por mais 10 anos. <a href=\"https:\/\/tek.sapo.pt\/noticias\/negocios\/artigos\/web-summit-sempre-fica-em-lisboa\">Mais&#8230;<\/a><\/p>\n","protected":false},"excerpt":{"rendered":"<p>As apostas pareciam pender para outros locais, mas a confer\u00eancia internacional de tecnologia e empreendedorismo n\u00e3o sai da capital portuguesa na pr\u00f3xima d\u00e9cada. O an\u00fancio oficial est\u00e1 marcado para esta quarta-feira, dia 3 de outubro, mas o Governo j\u00e1 confirmou que o Web Summit vai continuar em Lisboa, segundo avan\u00e7ou ao in\u00edcio da tarde a [&hellip;]<\/p>\n","protected":false},"author":1,"featured_media":0,"comment_status":"closed","ping_status":"closed","sticky":false,"template":"","format":"standard","meta":{"footnotes":""},"categories":[15],"tags":[132,3248],"class_list":["post-6008","post","type-post","status-publish","format-standard","hentry","category-tic-mais","tag-portugal","tag-web-summit"],"_links":{"self":[{"href":"https:\/\/www.ticmais.pt\/index.php?rest_route=\/wp\/v2\/posts\/6008","targetHints":{"allow":["GET"]}}],"collection":[{"href":"https:\/\/www.ticmais.pt\/index.php?rest_route=\/wp\/v2\/posts"}],"about":[{"href":"https:\/\/www.ticmais.pt\/index.php?rest_route=\/wp\/v2\/types\/post"}],"author":[{"embeddable":true,"href":"https:\/\/www.ticmais.pt\/index.php?rest_route=\/wp\/v2\/users\/1"}],"replies":[{"embeddable":true,"href":"https:\/\/www.ticmais.pt\/index.php?rest_route=%2Fwp%2Fv2%2Fcomments&post=6008"}],"version-history":[{"count":0,"href":"https:\/\/www.ticmais.pt\/index.php?rest_route=\/wp\/v2\/posts\/6008\/revisions"}],"wp:attachment":[{"href":"https:\/\/www.ticmais.pt\/index.php?rest_route=%2Fwp%2Fv2%2Fmedia&parent=6008"}],"wp:term":[{"taxonomy":"category","embeddable":true,"href":"https:\/\/www.ticmais.pt\/index.php?rest_route=%2Fwp%2Fv2%2Fcategories&post=6008"},{"taxonomy":"post_tag","embeddable":true,"href":"https:\/\/www.ticmais.pt\/index.php?rest_route=%2Fwp%2Fv2%2Ftags&post=6008"}],"curies":[{"name":"wp","href":"https:\/\/api.w.org\/{rel}","templated":true}]}}