{"id":6044,"date":"2018-12-06T12:34:25","date_gmt":"2018-12-06T11:34:25","guid":{"rendered":"https:\/\/www.ticmais.pt\/?p=6044"},"modified":"2018-12-06T12:36:52","modified_gmt":"2018-12-06T11:36:52","slug":"inedito-mundial-luxemburgo-vai-ter-todos-os-transportes-publicos-gratis","status":"publish","type":"post","link":"https:\/\/www.ticmais.pt\/?p=6044","title":{"rendered":"In\u00e9dito mundial. Luxemburgo vai ter todos os transportes p\u00fablicos gr\u00e1tis"},"content":{"rendered":"<p><img decoding=\"async\" class=\"alignleft\" src=\"https:\/\/www.ticmais.pt\/ticmais\/imagens\/Inditomundial.Luxemburgovaitertodosostransportespblicosgrtis.jpg\" \/><\/p>\n<div style=\"text-align: justify;\">A chamada coliga\u00e7\u00e3o G\u00e2mbia, formada pelo azul do Partido Democrata, do vermelho do Partido Socialista, e do verde dos Verdes, renovou a coliga\u00e7\u00e3o governamental iniciada em 2013. At\u00e9 2023, um dos pa\u00edses mais ricos da Uni\u00e3o Europeia vai investir mais no ambiente e nos servi\u00e7os p\u00fablicos e a medida bandeira dessa pol\u00edtica vai ser o alargamento da gratuitidade dos transportes p\u00fablicos a toda a gente. At\u00e9 agora, s\u00f3 os jovens \u00e9 que est\u00e3o isentos de pagar pelos transportes. <a href=\"https:\/\/www.dn.pt\/mundo\/interior\/inedito-mundial-luxemburgo-vai-ter-todos-os-transportes-publicos-gratis-10283686.html\">Mais&#8230;<\/a><\/div>\n","protected":false},"excerpt":{"rendered":"<p>A chamada coliga\u00e7\u00e3o G\u00e2mbia, formada pelo azul do Partido Democrata, do vermelho do Partido Socialista, e do verde dos Verdes, renovou a coliga\u00e7\u00e3o governamental iniciada em 2013. At\u00e9 2023, um dos pa\u00edses mais ricos da Uni\u00e3o Europeia vai investir mais no ambiente e nos servi\u00e7os p\u00fablicos e a medida bandeira dessa pol\u00edtica vai ser o [&hellip;]<\/p>\n","protected":false},"author":1,"featured_media":0,"comment_status":"closed","ping_status":"closed","sticky":false,"template":"","format":"standard","meta":{"footnotes":""},"categories":[15],"tags":[1277,3570,3569],"class_list":["post-6044","post","type-post","status-publish","format-standard","hentry","category-tic-mais","tag-gratis","tag-luxemburgo","tag-transportes-publicos"],"_links":{"self":[{"href":"https:\/\/www.ticmais.pt\/index.php?rest_route=\/wp\/v2\/posts\/6044","targetHints":{"allow":["GET"]}}],"collection":[{"href":"https:\/\/www.ticmais.pt\/index.php?rest_route=\/wp\/v2\/posts"}],"about":[{"href":"https:\/\/www.ticmais.pt\/index.php?rest_route=\/wp\/v2\/types\/post"}],"author":[{"embeddable":true,"href":"https:\/\/www.ticmais.pt\/index.php?rest_route=\/wp\/v2\/users\/1"}],"replies":[{"embeddable":true,"href":"https:\/\/www.ticmais.pt\/index.php?rest_route=%2Fwp%2Fv2%2Fcomments&post=6044"}],"version-history":[{"count":0,"href":"https:\/\/www.ticmais.pt\/index.php?rest_route=\/wp\/v2\/posts\/6044\/revisions"}],"wp:attachment":[{"href":"https:\/\/www.ticmais.pt\/index.php?rest_route=%2Fwp%2Fv2%2Fmedia&parent=6044"}],"wp:term":[{"taxonomy":"category","embeddable":true,"href":"https:\/\/www.ticmais.pt\/index.php?rest_route=%2Fwp%2Fv2%2Fcategories&post=6044"},{"taxonomy":"post_tag","embeddable":true,"href":"https:\/\/www.ticmais.pt\/index.php?rest_route=%2Fwp%2Fv2%2Ftags&post=6044"}],"curies":[{"name":"wp","href":"https:\/\/api.w.org\/{rel}","templated":true}]}}