{"id":6069,"date":"2018-12-29T02:30:07","date_gmt":"2018-12-29T01:30:07","guid":{"rendered":"https:\/\/www.ticmais.pt\/?p=6069"},"modified":"2018-12-29T02:31:12","modified_gmt":"2018-12-29T01:31:12","slug":"volkswagen-quer-criar-powerbank-que-carrega-carros-eletricos-em-apenas-17-minutos","status":"publish","type":"post","link":"https:\/\/www.ticmais.pt\/?p=6069","title":{"rendered":"Volkswagen quer criar powerbank que carrega carros el\u00e9tricos em apenas 17 minutos"},"content":{"rendered":"<p><img decoding=\"async\" class=\"alignleft\" src=\"https:\/\/www.ticmais.pt\/ticmais\/imagens\/Volkswagenquercriarpowerbankquecarregacarroseltricosemapenas17minutos.jpg\" \/><\/p>\n<div style=\"text-align: justify;\">Os carros el\u00e9tricos s\u00e3o j\u00e1 uma certeza no mercado e cada vez mais uma escolha nos dias de hoje. Mas, com todas as suas vantagens, acabam pro ter algumas limita\u00e7\u00f5es.<br \/>\nUma das maiores delas \u00e9 mesmo a necessidade de carregamentos de energia, que ainda n\u00e3o t\u00eam a cobertura desejada. Para tentar resolver este problema, a Volkswagen est\u00e1 a planear criar um powerbank que conseguir\u00e1 carregar um carro el\u00e9trico em apenas 17 minutos. <a href=\"https:\/\/pplware.sapo.pt\/motores\/volkswagen-powerbank-carro-eletrico-17-minutos\/\">Mais&#8230;<\/a><\/div>\n","protected":false},"excerpt":{"rendered":"<p>Os carros el\u00e9tricos s\u00e3o j\u00e1 uma certeza no mercado e cada vez mais uma escolha nos dias de hoje. Mas, com todas as suas vantagens, acabam pro ter algumas limita\u00e7\u00f5es. Uma das maiores delas \u00e9 mesmo a necessidade de carregamentos de energia, que ainda n\u00e3o t\u00eam a cobertura desejada. Para tentar resolver este problema, a [&hellip;]<\/p>\n","protected":false},"author":1,"featured_media":0,"comment_status":"closed","ping_status":"closed","sticky":false,"template":"","format":"standard","meta":{"footnotes":""},"categories":[15],"tags":[2342,3578,59,418],"class_list":["post-6069","post","type-post","status-publish","format-standard","hentry","category-tic-mais","tag-carregamento","tag-powerbank","tag-veiculos-electricos","tag-volkswagen"],"_links":{"self":[{"href":"https:\/\/www.ticmais.pt\/index.php?rest_route=\/wp\/v2\/posts\/6069","targetHints":{"allow":["GET"]}}],"collection":[{"href":"https:\/\/www.ticmais.pt\/index.php?rest_route=\/wp\/v2\/posts"}],"about":[{"href":"https:\/\/www.ticmais.pt\/index.php?rest_route=\/wp\/v2\/types\/post"}],"author":[{"embeddable":true,"href":"https:\/\/www.ticmais.pt\/index.php?rest_route=\/wp\/v2\/users\/1"}],"replies":[{"embeddable":true,"href":"https:\/\/www.ticmais.pt\/index.php?rest_route=%2Fwp%2Fv2%2Fcomments&post=6069"}],"version-history":[{"count":0,"href":"https:\/\/www.ticmais.pt\/index.php?rest_route=\/wp\/v2\/posts\/6069\/revisions"}],"wp:attachment":[{"href":"https:\/\/www.ticmais.pt\/index.php?rest_route=%2Fwp%2Fv2%2Fmedia&parent=6069"}],"wp:term":[{"taxonomy":"category","embeddable":true,"href":"https:\/\/www.ticmais.pt\/index.php?rest_route=%2Fwp%2Fv2%2Fcategories&post=6069"},{"taxonomy":"post_tag","embeddable":true,"href":"https:\/\/www.ticmais.pt\/index.php?rest_route=%2Fwp%2Fv2%2Ftags&post=6069"}],"curies":[{"name":"wp","href":"https:\/\/api.w.org\/{rel}","templated":true}]}}