{"id":6074,"date":"2019-01-04T02:08:52","date_gmt":"2019-01-04T01:08:52","guid":{"rendered":"https:\/\/www.ticmais.pt\/?p=6074"},"modified":"2019-01-04T02:10:04","modified_gmt":"2019-01-04T01:10:04","slug":"criado-padrao-de-seguranca-para-proteger-equipamentos-usb-c-de-outros-aparelhos-infetados","status":"publish","type":"post","link":"https:\/\/www.ticmais.pt\/?p=6074","title":{"rendered":"Criado padr\u00e3o de seguran\u00e7a para proteger equipamentos USB-C de outros aparelhos infetados"},"content":{"rendered":"<p><img decoding=\"async\" class=\"alignleft\" src=\"https:\/\/www.ticmais.pt\/ticmais\/imagens\/CriadopadrodeseguranaparaprotegerequipamentosUSB-Cdeoutrosaparelhosinfetados.jpg\" \/><\/p>\n<p style=\"text-align: justify;\">Carregadores e equipamentos USB primam pela praticabilidade. Ambos s\u00e3o f\u00e1ceis de usar e quase universais, mas estas vantagens tamb\u00e9m acarretam alguns riscos de seguran\u00e7a, nomeadamente a dissemina\u00e7\u00e3o de <em>malware<\/em> proveniente de aparelhos infetados e o <em>leak<\/em> de dados pessoais, caso o equipamento caia nas m\u00e3os erradas. Mas h\u00e1 quem queira prevenir situa\u00e7\u00f5es como estas. <a href=\"https:\/\/tek.sapo.pt\/mobile\/equipamentos\/artigos\/criado-padrao-de-seguranca-para-proteger-equipamentos-usb-c-de-outros-aparelhos-infetados\">Mais&#8230;<\/a><\/p>\n","protected":false},"excerpt":{"rendered":"<p>Carregadores e equipamentos USB primam pela praticabilidade. Ambos s\u00e3o f\u00e1ceis de usar e quase universais, mas estas vantagens tamb\u00e9m acarretam alguns riscos de seguran\u00e7a, nomeadamente a dissemina\u00e7\u00e3o de malware proveniente de aparelhos infetados e o leak de dados pessoais, caso o equipamento caia nas m\u00e3os erradas. Mas h\u00e1 quem queira prevenir situa\u00e7\u00f5es como estas. Mais&#8230;<\/p>\n","protected":false},"author":1,"featured_media":0,"comment_status":"closed","ping_status":"closed","sticky":false,"template":"","format":"standard","meta":{"footnotes":""},"categories":[15],"tags":[3579,3580],"class_list":["post-6074","post","type-post","status-publish","format-standard","hentry","category-tic-mais","tag-padrao-de-seguranca","tag-usb-c"],"_links":{"self":[{"href":"https:\/\/www.ticmais.pt\/index.php?rest_route=\/wp\/v2\/posts\/6074","targetHints":{"allow":["GET"]}}],"collection":[{"href":"https:\/\/www.ticmais.pt\/index.php?rest_route=\/wp\/v2\/posts"}],"about":[{"href":"https:\/\/www.ticmais.pt\/index.php?rest_route=\/wp\/v2\/types\/post"}],"author":[{"embeddable":true,"href":"https:\/\/www.ticmais.pt\/index.php?rest_route=\/wp\/v2\/users\/1"}],"replies":[{"embeddable":true,"href":"https:\/\/www.ticmais.pt\/index.php?rest_route=%2Fwp%2Fv2%2Fcomments&post=6074"}],"version-history":[{"count":0,"href":"https:\/\/www.ticmais.pt\/index.php?rest_route=\/wp\/v2\/posts\/6074\/revisions"}],"wp:attachment":[{"href":"https:\/\/www.ticmais.pt\/index.php?rest_route=%2Fwp%2Fv2%2Fmedia&parent=6074"}],"wp:term":[{"taxonomy":"category","embeddable":true,"href":"https:\/\/www.ticmais.pt\/index.php?rest_route=%2Fwp%2Fv2%2Fcategories&post=6074"},{"taxonomy":"post_tag","embeddable":true,"href":"https:\/\/www.ticmais.pt\/index.php?rest_route=%2Fwp%2Fv2%2Ftags&post=6074"}],"curies":[{"name":"wp","href":"https:\/\/api.w.org\/{rel}","templated":true}]}}