{"id":6088,"date":"2019-01-23T15:16:39","date_gmt":"2019-01-23T14:16:39","guid":{"rendered":"https:\/\/www.ticmais.pt\/?p=6088"},"modified":"2019-01-23T15:20:25","modified_gmt":"2019-01-23T14:20:25","slug":"governo-promete-tornar-apps-e-sites-da-administracao-publica-mais-inclusivos","status":"publish","type":"post","link":"https:\/\/www.ticmais.pt\/?p=6088","title":{"rendered":"Governo promete tornar apps e sites da Administra\u00e7\u00e3o P\u00fablica mais inclusivos"},"content":{"rendered":"<p><img decoding=\"async\" class=\"alignleft\" src=\"https:\/\/www.ticmais.pt\/ticmais\/imagens\/GovernoprometetornarappsesitesdaAdministraoPblicamaisinclusivos.jpg\" \/><\/p>\n<div style=\"text-align: justify;\">O Governo anunciou que est\u00e1 a tomar medidas para tornar as aplica\u00e7\u00f5es m\u00f3veis e websites da Administra\u00e7\u00e3o P\u00fablica mais inclusivos. A decis\u00e3o vem no seguimento da entrada em vigor &#8211; nos primeiros dias do ano &#8211; do novo decreto de lei sobre a acessibilidade web e mobile, que abrange todas as entidades, p\u00fablicas ou privadas, que prestem servi\u00e7os essenciais. <a href=\"https:\/\/tek.sapo.pt\/noticias\/internet\/artigos\/governo-promete-tornar-apps-e-sites-da-administracao-publica-mais-inclusivos\">Mais&#8230;<\/a><\/div>\n","protected":false},"excerpt":{"rendered":"<p>O Governo anunciou que est\u00e1 a tomar medidas para tornar as aplica\u00e7\u00f5es m\u00f3veis e websites da Administra\u00e7\u00e3o P\u00fablica mais inclusivos. A decis\u00e3o vem no seguimento da entrada em vigor &#8211; nos primeiros dias do ano &#8211; do novo decreto de lei sobre a acessibilidade web e mobile, que abrange todas as entidades, p\u00fablicas ou privadas, [&hellip;]<\/p>\n","protected":false},"author":1,"featured_media":0,"comment_status":"closed","ping_status":"closed","sticky":false,"template":"","format":"standard","meta":{"footnotes":""},"categories":[15],"tags":[2770,1266,8,9,3593,132,289],"class_list":["post-6088","post","type-post","status-publish","format-standard","hentry","category-tic-mais","tag-acessibilidade","tag-apps","tag-inclusao-digital","tag-modernizacao-administrativa","tag-observatorio","tag-portugal","tag-sites"],"_links":{"self":[{"href":"https:\/\/www.ticmais.pt\/index.php?rest_route=\/wp\/v2\/posts\/6088","targetHints":{"allow":["GET"]}}],"collection":[{"href":"https:\/\/www.ticmais.pt\/index.php?rest_route=\/wp\/v2\/posts"}],"about":[{"href":"https:\/\/www.ticmais.pt\/index.php?rest_route=\/wp\/v2\/types\/post"}],"author":[{"embeddable":true,"href":"https:\/\/www.ticmais.pt\/index.php?rest_route=\/wp\/v2\/users\/1"}],"replies":[{"embeddable":true,"href":"https:\/\/www.ticmais.pt\/index.php?rest_route=%2Fwp%2Fv2%2Fcomments&post=6088"}],"version-history":[{"count":0,"href":"https:\/\/www.ticmais.pt\/index.php?rest_route=\/wp\/v2\/posts\/6088\/revisions"}],"wp:attachment":[{"href":"https:\/\/www.ticmais.pt\/index.php?rest_route=%2Fwp%2Fv2%2Fmedia&parent=6088"}],"wp:term":[{"taxonomy":"category","embeddable":true,"href":"https:\/\/www.ticmais.pt\/index.php?rest_route=%2Fwp%2Fv2%2Fcategories&post=6088"},{"taxonomy":"post_tag","embeddable":true,"href":"https:\/\/www.ticmais.pt\/index.php?rest_route=%2Fwp%2Fv2%2Ftags&post=6088"}],"curies":[{"name":"wp","href":"https:\/\/api.w.org\/{rel}","templated":true}]}}