{"id":6102,"date":"2019-02-17T23:09:19","date_gmt":"2019-02-17T22:09:19","guid":{"rendered":"https:\/\/www.ticmais.pt\/?p=6102"},"modified":"2019-02-17T23:11:16","modified_gmt":"2019-02-17T22:11:16","slug":"estudante-de-aveiro-desenvolve-impressao-3d-em-cortica-cada-vez-mais-as-pessoas-acham-piada-a-este-tipo-de-tecnologia","status":"publish","type":"post","link":"https:\/\/www.ticmais.pt\/?p=6102","title":{"rendered":"Estudante de Aveiro desenvolve impress\u00e3o 3D em corti\u00e7a: \u201cCada vez mais as pessoas acham piada a este tipo de tecnologia\u201d"},"content":{"rendered":"<p><img decoding=\"async\" class=\"alignleft\" src=\"https:\/\/www.ticmais.pt\/ticmais\/imagens\/EstudantedeAveirodesenvolveimpresso3DemcortiaCadavezmaisaspessoasachampiadaaestetipodetecnologia.jpg\" \/><\/p>\n<div style=\"text-align: justify;\">Desenvolvido na Universidade de Aveiro (UA), a partir de res\u00edduos de corti\u00e7a resultantes do fabrico de rolhas, o novo material quer ser, n\u00e3o s\u00f3 uma alternativa ecol\u00f3gica para qualquer impressora 3D, como tamb\u00e9m dar aos objetos impressos o toque, o odor e a cor que s\u00f3 a corti\u00e7a lhes pode conferir. <a href=\"https:\/\/www.maistecnologia.com\/estudante-de-aveiro-desenvolve-impressao-3d-em-cortica-cada-vez-mais-as-pessoas-acham-piada-a-este-tipo-de-tecnologia-diz-nos\/\">Mais&#8230;<\/a><\/div>\n","protected":false},"excerpt":{"rendered":"<p>Desenvolvido na Universidade de Aveiro (UA), a partir de res\u00edduos de corti\u00e7a resultantes do fabrico de rolhas, o novo material quer ser, n\u00e3o s\u00f3 uma alternativa ecol\u00f3gica para qualquer impressora 3D, como tamb\u00e9m dar aos objetos impressos o toque, o odor e a cor que s\u00f3 a corti\u00e7a lhes pode conferir. Mais&#8230;<\/p>\n","protected":false},"author":1,"featured_media":0,"comment_status":"closed","ping_status":"closed","sticky":false,"template":"","format":"standard","meta":{"footnotes":""},"categories":[15],"tags":[1178,1143,444,1729,3600,339],"class_list":["post-6102","post","type-post","status-publish","format-standard","hentry","category-tic-mais","tag-3d","tag-aveiro","tag-cortica","tag-impressao","tag-tatiana-antunes","tag-universidade"],"_links":{"self":[{"href":"https:\/\/www.ticmais.pt\/index.php?rest_route=\/wp\/v2\/posts\/6102","targetHints":{"allow":["GET"]}}],"collection":[{"href":"https:\/\/www.ticmais.pt\/index.php?rest_route=\/wp\/v2\/posts"}],"about":[{"href":"https:\/\/www.ticmais.pt\/index.php?rest_route=\/wp\/v2\/types\/post"}],"author":[{"embeddable":true,"href":"https:\/\/www.ticmais.pt\/index.php?rest_route=\/wp\/v2\/users\/1"}],"replies":[{"embeddable":true,"href":"https:\/\/www.ticmais.pt\/index.php?rest_route=%2Fwp%2Fv2%2Fcomments&post=6102"}],"version-history":[{"count":0,"href":"https:\/\/www.ticmais.pt\/index.php?rest_route=\/wp\/v2\/posts\/6102\/revisions"}],"wp:attachment":[{"href":"https:\/\/www.ticmais.pt\/index.php?rest_route=%2Fwp%2Fv2%2Fmedia&parent=6102"}],"wp:term":[{"taxonomy":"category","embeddable":true,"href":"https:\/\/www.ticmais.pt\/index.php?rest_route=%2Fwp%2Fv2%2Fcategories&post=6102"},{"taxonomy":"post_tag","embeddable":true,"href":"https:\/\/www.ticmais.pt\/index.php?rest_route=%2Fwp%2Fv2%2Ftags&post=6102"}],"curies":[{"name":"wp","href":"https:\/\/api.w.org\/{rel}","templated":true}]}}