{"id":6111,"date":"2019-02-26T23:59:36","date_gmt":"2019-02-26T22:59:36","guid":{"rendered":"https:\/\/www.ticmais.pt\/?p=6111"},"modified":"2019-02-27T00:10:14","modified_gmt":"2019-02-26T23:10:14","slug":"banda-larga-movel-precos-baixaram-mas-ainda-sao-relativamente-caros-em-portugal","status":"publish","type":"post","link":"https:\/\/www.ticmais.pt\/?p=6111","title":{"rendered":"Banda larga m\u00f3vel: Pre\u00e7os baixaram, mas ainda s\u00e3o \u201crelativamente caros\u201d em Portugal"},"content":{"rendered":"<p><img decoding=\"async\" class=\"alignleft\" src=\"https:\/\/www.ticmais.pt\/ticmais\/imagens\/BandalargamvelPreosbaixarammasaindasorelativamentecarosemPortugal.jpg\" \/><\/p>\n<div style=\"text-align: justify;\">Os pre\u00e7os da banda larga m\u00f3vel na Uni\u00e3o Europeia ca\u00edram em 2018, mas os custos em Portugal ainda s\u00e3o elevados, aponta um relat\u00f3rio do departamento de comunica\u00e7\u00f5es e tecnologia da Comiss\u00e3o Europeia. <a href=\"https:\/\/tek.sapo.pt\/noticias\/telecomunicacoes\/artigos\/banda-larga-movel-precos-baixaram-mas-ainda-sao-relativamente-caros-em-portugal\">Mais&#8230;<\/a><\/div>\n","protected":false},"excerpt":{"rendered":"<p>Os pre\u00e7os da banda larga m\u00f3vel na Uni\u00e3o Europeia ca\u00edram em 2018, mas os custos em Portugal ainda s\u00e3o elevados, aponta um relat\u00f3rio do departamento de comunica\u00e7\u00f5es e tecnologia da Comiss\u00e3o Europeia. Mais&#8230;<\/p>\n","protected":false},"author":1,"featured_media":0,"comment_status":"closed","ping_status":"closed","sticky":false,"template":"","format":"standard","meta":{"footnotes":""},"categories":[15],"tags":[769,1557,707,132,99],"class_list":["post-6111","post","type-post","status-publish","format-standard","hentry","category-tic-mais","tag-banda-larga","tag-custos","tag-movel","tag-portugal","tag-uniao-europeia"],"_links":{"self":[{"href":"https:\/\/www.ticmais.pt\/index.php?rest_route=\/wp\/v2\/posts\/6111","targetHints":{"allow":["GET"]}}],"collection":[{"href":"https:\/\/www.ticmais.pt\/index.php?rest_route=\/wp\/v2\/posts"}],"about":[{"href":"https:\/\/www.ticmais.pt\/index.php?rest_route=\/wp\/v2\/types\/post"}],"author":[{"embeddable":true,"href":"https:\/\/www.ticmais.pt\/index.php?rest_route=\/wp\/v2\/users\/1"}],"replies":[{"embeddable":true,"href":"https:\/\/www.ticmais.pt\/index.php?rest_route=%2Fwp%2Fv2%2Fcomments&post=6111"}],"version-history":[{"count":0,"href":"https:\/\/www.ticmais.pt\/index.php?rest_route=\/wp\/v2\/posts\/6111\/revisions"}],"wp:attachment":[{"href":"https:\/\/www.ticmais.pt\/index.php?rest_route=%2Fwp%2Fv2%2Fmedia&parent=6111"}],"wp:term":[{"taxonomy":"category","embeddable":true,"href":"https:\/\/www.ticmais.pt\/index.php?rest_route=%2Fwp%2Fv2%2Fcategories&post=6111"},{"taxonomy":"post_tag","embeddable":true,"href":"https:\/\/www.ticmais.pt\/index.php?rest_route=%2Fwp%2Fv2%2Ftags&post=6111"}],"curies":[{"name":"wp","href":"https:\/\/api.w.org\/{rel}","templated":true}]}}