{"id":6120,"date":"2019-03-05T01:59:14","date_gmt":"2019-03-05T00:59:14","guid":{"rendered":"https:\/\/www.ticmais.pt\/?p=6120"},"modified":"2019-03-05T01:59:14","modified_gmt":"2019-03-05T00:59:14","slug":"portugal-autoeuropa-vai-comecar-a-produzir-pecas-para-veiculos-eletricos","status":"publish","type":"post","link":"https:\/\/www.ticmais.pt\/?p=6120","title":{"rendered":"Portugal: Autoeuropa vai come\u00e7ar a produzir pe\u00e7as para ve\u00edculos el\u00e9tricos"},"content":{"rendered":"<p><img decoding=\"async\" class=\"alignleft\" src=\"https:\/\/www.ticmais.pt\/ticmais\/imagens\/PortugalAutoeuropavaicomearaproduzirpeasparaveculoseltricos.jpg\" \/><\/p>\n<div style=\"text-align: justify;\"><span>A aposta no segmento dos ve\u00edculos el\u00e9tricos \u00e9 cada vez mais forte por parte dos grandes players da \u00e1rea autom\u00f3vel. As ofertas neste mercado s\u00e3o cada vez mais e todo o ecossistema tem vindo a crescer\u2026 tanto ao n\u00edvel da rede de carregamentos, como suporte, como ao n\u00edvel das pe\u00e7as, etc.<br \/>\nRelativamente a pe\u00e7as para ve\u00edculos el\u00e9tricos soube-se recentemente que a Autoeuropa vai come\u00e7ar a produzir algumas para o grupo Volkswagen. <a href=\"https:\/\/pplware.sapo.pt\/motores\/portugal-autoeuropa-vai-comecar-a-produzir-pecas-para-automoveis-eletricos\/\">Mais&#8230;<\/a><\/span><\/div>\n","protected":false},"excerpt":{"rendered":"<p>A aposta no segmento dos ve\u00edculos el\u00e9tricos \u00e9 cada vez mais forte por parte dos grandes players da \u00e1rea autom\u00f3vel. As ofertas neste mercado s\u00e3o cada vez mais e todo o ecossistema tem vindo a crescer\u2026 tanto ao n\u00edvel da rede de carregamentos, como suporte, como ao n\u00edvel das pe\u00e7as, etc. Relativamente a pe\u00e7as para [&hellip;]<\/p>\n","protected":false},"author":1,"featured_media":0,"comment_status":"closed","ping_status":"closed","sticky":false,"template":"","format":"standard","meta":{"footnotes":""},"categories":[15],"tags":[3612,3613,132,1866,59,418],"class_list":["post-6120","post","type-post","status-publish","format-standard","hentry","category-tic-mais","tag-autoeuropa","tag-pecas","tag-portugal","tag-producao","tag-veiculos-electricos","tag-volkswagen"],"_links":{"self":[{"href":"https:\/\/www.ticmais.pt\/index.php?rest_route=\/wp\/v2\/posts\/6120","targetHints":{"allow":["GET"]}}],"collection":[{"href":"https:\/\/www.ticmais.pt\/index.php?rest_route=\/wp\/v2\/posts"}],"about":[{"href":"https:\/\/www.ticmais.pt\/index.php?rest_route=\/wp\/v2\/types\/post"}],"author":[{"embeddable":true,"href":"https:\/\/www.ticmais.pt\/index.php?rest_route=\/wp\/v2\/users\/1"}],"replies":[{"embeddable":true,"href":"https:\/\/www.ticmais.pt\/index.php?rest_route=%2Fwp%2Fv2%2Fcomments&post=6120"}],"version-history":[{"count":0,"href":"https:\/\/www.ticmais.pt\/index.php?rest_route=\/wp\/v2\/posts\/6120\/revisions"}],"wp:attachment":[{"href":"https:\/\/www.ticmais.pt\/index.php?rest_route=%2Fwp%2Fv2%2Fmedia&parent=6120"}],"wp:term":[{"taxonomy":"category","embeddable":true,"href":"https:\/\/www.ticmais.pt\/index.php?rest_route=%2Fwp%2Fv2%2Fcategories&post=6120"},{"taxonomy":"post_tag","embeddable":true,"href":"https:\/\/www.ticmais.pt\/index.php?rest_route=%2Fwp%2Fv2%2Ftags&post=6120"}],"curies":[{"name":"wp","href":"https:\/\/api.w.org\/{rel}","templated":true}]}}