{"id":6129,"date":"2019-03-19T01:23:11","date_gmt":"2019-03-19T00:23:11","guid":{"rendered":"https:\/\/www.ticmais.pt\/?p=6129"},"modified":"2019-03-19T01:26:23","modified_gmt":"2019-03-19T00:26:23","slug":"faq-carregamentos-de-veiculos-eletricos-nos-parques-de-estacionamento-dos-centros-comerciais","status":"publish","type":"post","link":"https:\/\/www.ticmais.pt\/?p=6129","title":{"rendered":"FAQ: carregamentos de ve\u00edculos el\u00e9tricos nos parques de estacionamento dos centros comerciais"},"content":{"rendered":"<p><img decoding=\"async\" class=\"alignleft\" src=\"https:\/\/www.ticmais.pt\/ticmais\/imagens\/FAQcarregamentosdeveculoseltricosnosparquesdeestacionamentodoscentroscomerciais.jpg\" \/><\/p>\n<p style=\"text-align: justify;\">O governo anunciou que a explora\u00e7\u00e3o comercial dos postos de carregamento para ve\u00edculos el\u00e9tricos em parques privados de acesso p\u00fablico vai entrar em fase comercial j\u00e1 no pr\u00f3ximo m\u00eas de abril. As regras de liga\u00e7\u00e3o \u00e0 rede Mobi.E mant\u00eam-se. <a href=\"http:\/\/exameinformatica.sapo.pt\/mobilidade_inteligente\/2019-03-14-FAQ-carregamentos-de-veiculos-eletricos-nos-parques-de-estacionamento-dos-centros-comerciais\">Mais&#8230;<\/a><\/p>\n","protected":false},"excerpt":{"rendered":"<p>O governo anunciou que a explora\u00e7\u00e3o comercial dos postos de carregamento para ve\u00edculos el\u00e9tricos em parques privados de acesso p\u00fablico vai entrar em fase comercial j\u00e1 no pr\u00f3ximo m\u00eas de abril. As regras de liga\u00e7\u00e3o \u00e0 rede Mobi.E mant\u00eam-se. Mais&#8230;<\/p>\n","protected":false},"author":1,"featured_media":0,"comment_status":"closed","ping_status":"closed","sticky":false,"template":"","format":"standard","meta":{"footnotes":""},"categories":[15],"tags":[2342,3628,3630,3629,132,59],"class_list":["post-6129","post","type-post","status-publish","format-standard","hentry","category-tic-mais","tag-carregamento","tag-centros-comerciais","tag-exploracao-comercial","tag-parques-de-estacionamento","tag-portugal","tag-veiculos-electricos"],"_links":{"self":[{"href":"https:\/\/www.ticmais.pt\/index.php?rest_route=\/wp\/v2\/posts\/6129","targetHints":{"allow":["GET"]}}],"collection":[{"href":"https:\/\/www.ticmais.pt\/index.php?rest_route=\/wp\/v2\/posts"}],"about":[{"href":"https:\/\/www.ticmais.pt\/index.php?rest_route=\/wp\/v2\/types\/post"}],"author":[{"embeddable":true,"href":"https:\/\/www.ticmais.pt\/index.php?rest_route=\/wp\/v2\/users\/1"}],"replies":[{"embeddable":true,"href":"https:\/\/www.ticmais.pt\/index.php?rest_route=%2Fwp%2Fv2%2Fcomments&post=6129"}],"version-history":[{"count":0,"href":"https:\/\/www.ticmais.pt\/index.php?rest_route=\/wp\/v2\/posts\/6129\/revisions"}],"wp:attachment":[{"href":"https:\/\/www.ticmais.pt\/index.php?rest_route=%2Fwp%2Fv2%2Fmedia&parent=6129"}],"wp:term":[{"taxonomy":"category","embeddable":true,"href":"https:\/\/www.ticmais.pt\/index.php?rest_route=%2Fwp%2Fv2%2Fcategories&post=6129"},{"taxonomy":"post_tag","embeddable":true,"href":"https:\/\/www.ticmais.pt\/index.php?rest_route=%2Fwp%2Fv2%2Ftags&post=6129"}],"curies":[{"name":"wp","href":"https:\/\/api.w.org\/{rel}","templated":true}]}}