{"id":6141,"date":"2019-04-04T19:38:00","date_gmt":"2019-04-04T18:38:00","guid":{"rendered":"https:\/\/www.ticmais.pt\/?p=6141"},"modified":"2019-04-04T20:03:20","modified_gmt":"2019-04-04T19:03:20","slug":"o-novo-cartao-de-cidadao-sera-emitido-a-nivel-europeu-e-reconhecido-em-todos-os-estados-membros","status":"publish","type":"post","link":"https:\/\/www.ticmais.pt\/?p=6141","title":{"rendered":"O novo cart\u00e3o de cidad\u00e3o ser\u00e1 emitido a n\u00edvel europeu e reconhecido em todos os Estados-Membros"},"content":{"rendered":"<p><img decoding=\"async\" class=\"alignleft\" src=\"https:\/\/www.ticmais.pt\/ticmais\/imagens\/OnovocartodecidadoseremitidoanveleuropeuereconhecidoemtodososEstados-Membros.jpg\" \/><\/p>\n<div style=\"text-align: justify;\">\n<div><span>O projeto visa combater a incompatibilidade dos cart\u00f5es de identifica\u00e7\u00e3o nos diferentes pa\u00edses da europa<br \/>\nDurante a sess\u00e3o plen\u00e1ria do Parlamento Europeu, foi hoje aprovado os novos cart\u00f5es de cidad\u00e3o, que passam a ser reconhecidos em todos os Estados-Membros da Uni\u00e3o Europeia. <a href=\"https:\/\/tek.sapo.pt\/noticias\/negocios\/artigos\/o-novo-cartao-do-cidadao-sera-emitido-a-nivel-europeu-e-reconhecido-em-todos-os-estados-membros\">Mais&#8230;<\/a><\/span><\/div>\n<\/div>\n","protected":false},"excerpt":{"rendered":"<p>O projeto visa combater a incompatibilidade dos cart\u00f5es de identifica\u00e7\u00e3o nos diferentes pa\u00edses da europa Durante a sess\u00e3o plen\u00e1ria do Parlamento Europeu, foi hoje aprovado os novos cart\u00f5es de cidad\u00e3o, que passam a ser reconhecidos em todos os Estados-Membros da Uni\u00e3o Europeia. Mais&#8230;<\/p>\n","protected":false},"author":1,"featured_media":0,"comment_status":"closed","ping_status":"closed","sticky":false,"template":"","format":"standard","meta":{"footnotes":""},"categories":[15],"tags":[688,248,99,2023],"class_list":["post-6141","post","type-post","status-publish","format-standard","hentry","category-tic-mais","tag-cartao-de-cidadao","tag-parlamento-europeu","tag-uniao-europeia","tag-uniformizacao"],"_links":{"self":[{"href":"https:\/\/www.ticmais.pt\/index.php?rest_route=\/wp\/v2\/posts\/6141","targetHints":{"allow":["GET"]}}],"collection":[{"href":"https:\/\/www.ticmais.pt\/index.php?rest_route=\/wp\/v2\/posts"}],"about":[{"href":"https:\/\/www.ticmais.pt\/index.php?rest_route=\/wp\/v2\/types\/post"}],"author":[{"embeddable":true,"href":"https:\/\/www.ticmais.pt\/index.php?rest_route=\/wp\/v2\/users\/1"}],"replies":[{"embeddable":true,"href":"https:\/\/www.ticmais.pt\/index.php?rest_route=%2Fwp%2Fv2%2Fcomments&post=6141"}],"version-history":[{"count":0,"href":"https:\/\/www.ticmais.pt\/index.php?rest_route=\/wp\/v2\/posts\/6141\/revisions"}],"wp:attachment":[{"href":"https:\/\/www.ticmais.pt\/index.php?rest_route=%2Fwp%2Fv2%2Fmedia&parent=6141"}],"wp:term":[{"taxonomy":"category","embeddable":true,"href":"https:\/\/www.ticmais.pt\/index.php?rest_route=%2Fwp%2Fv2%2Fcategories&post=6141"},{"taxonomy":"post_tag","embeddable":true,"href":"https:\/\/www.ticmais.pt\/index.php?rest_route=%2Fwp%2Fv2%2Ftags&post=6141"}],"curies":[{"name":"wp","href":"https:\/\/api.w.org\/{rel}","templated":true}]}}