{"id":6147,"date":"2019-04-15T20:55:56","date_gmt":"2019-04-15T19:55:56","guid":{"rendered":"https:\/\/www.ticmais.pt\/?p=6147"},"modified":"2019-04-15T20:56:29","modified_gmt":"2019-04-15T19:56:29","slug":"direito-de-autor-a-transposicao-da-diretiva-e-do-artigo-13-em-portugal-pode-ser-um-problema","status":"publish","type":"post","link":"https:\/\/www.ticmais.pt\/?p=6147","title":{"rendered":"Direito de Autor: a transposi\u00e7\u00e3o da Diretiva (e do Artigo 13) em Portugal pode ser um problema"},"content":{"rendered":"<p><img decoding=\"async\" class=\"alignleft\" src=\"https:\/\/www.ticmais.pt\/ticmais\/imagens\/DireitodeAutoratransposiodaDiretivaedoArtigo13emPortugalpodeserumproblema.jpg\" \/><\/p>\n<p style=\"text-align: justify;\">Depois da pol\u00e9mica gerada pela discuss\u00e3o da Diretiva de Direito de Autor no Parlamento e Conselho da Uni\u00e3o Europeia, foi hoje dada luz verde para o passo final do processo legislativo, com a publica\u00e7\u00e3o no Jornal Oficial da UE. Mas h\u00e1 ainda todo um processo de adapta\u00e7\u00e3o \u00e0 legisla\u00e7\u00e3o nacional em cada um dos Estados-membros que decorre nos pr\u00f3ximos 24 meses, e que pode ser complicado. <a href=\"https:\/\/tek.sapo.pt\/noticias\/internet\/artigos\/direito-de-autor-a-transposicao-da-diretiva-e-do-artigo-13-em-portugal-pode-ser-um-problema\">Mais&#8230;<\/a><\/p>\n","protected":false},"excerpt":{"rendered":"<p>Depois da pol\u00e9mica gerada pela discuss\u00e3o da Diretiva de Direito de Autor no Parlamento e Conselho da Uni\u00e3o Europeia, foi hoje dada luz verde para o passo final do processo legislativo, com a publica\u00e7\u00e3o no Jornal Oficial da UE. Mas h\u00e1 ainda todo um processo de adapta\u00e7\u00e3o \u00e0 legisla\u00e7\u00e3o nacional em cada um dos Estados-membros [&hellip;]<\/p>\n","protected":false},"author":1,"featured_media":0,"comment_status":"closed","ping_status":"closed","sticky":false,"template":"","format":"standard","meta":{"footnotes":""},"categories":[15],"tags":[1030,132,99],"class_list":["post-6147","post","type-post","status-publish","format-standard","hentry","category-tic-mais","tag-direitos-de-autor","tag-portugal","tag-uniao-europeia"],"_links":{"self":[{"href":"https:\/\/www.ticmais.pt\/index.php?rest_route=\/wp\/v2\/posts\/6147","targetHints":{"allow":["GET"]}}],"collection":[{"href":"https:\/\/www.ticmais.pt\/index.php?rest_route=\/wp\/v2\/posts"}],"about":[{"href":"https:\/\/www.ticmais.pt\/index.php?rest_route=\/wp\/v2\/types\/post"}],"author":[{"embeddable":true,"href":"https:\/\/www.ticmais.pt\/index.php?rest_route=\/wp\/v2\/users\/1"}],"replies":[{"embeddable":true,"href":"https:\/\/www.ticmais.pt\/index.php?rest_route=%2Fwp%2Fv2%2Fcomments&post=6147"}],"version-history":[{"count":0,"href":"https:\/\/www.ticmais.pt\/index.php?rest_route=\/wp\/v2\/posts\/6147\/revisions"}],"wp:attachment":[{"href":"https:\/\/www.ticmais.pt\/index.php?rest_route=%2Fwp%2Fv2%2Fmedia&parent=6147"}],"wp:term":[{"taxonomy":"category","embeddable":true,"href":"https:\/\/www.ticmais.pt\/index.php?rest_route=%2Fwp%2Fv2%2Fcategories&post=6147"},{"taxonomy":"post_tag","embeddable":true,"href":"https:\/\/www.ticmais.pt\/index.php?rest_route=%2Fwp%2Fv2%2Ftags&post=6147"}],"curies":[{"name":"wp","href":"https:\/\/api.w.org\/{rel}","templated":true}]}}