{"id":6151,"date":"2019-04-17T01:29:53","date_gmt":"2019-04-17T00:29:53","guid":{"rendered":"https:\/\/www.ticmais.pt\/?p=6151"},"modified":"2019-04-17T01:31:37","modified_gmt":"2019-04-17T00:31:37","slug":"administracoes-publicas-na-ue-obrigadas-a-processar-faturas-de-forma-eletronica","status":"publish","type":"post","link":"https:\/\/www.ticmais.pt\/?p=6151","title":{"rendered":"Administra\u00e7\u00f5es P\u00fablicas na UE obrigadas a processar faturas de forma eletr\u00f3nica"},"content":{"rendered":"<p><img decoding=\"async\" class=\"alignleft\" src=\"https:\/\/www.ticmais.pt\/ticmais\/imagens\/AdministraesPblicasnaUEobrigadasaprocessarfaturasdeformaeletrnica.jpg\" \/><\/p>\n<p style=\"text-align: justify;\">\u00c9 j\u00e1 a apartir desta quinta-feira dia 18 de abril que as Administra\u00e7\u00f5es P\u00fablicas dos pa\u00edses da Uni\u00e3o Europeia ficar\u00e3o obrigadas a receber e processar faturas de forma eletr\u00f3nica nas suas opera\u00e7\u00f5es B2G e devem utilizar um formato comum. O prazo desta obriga\u00e7\u00e3o ser\u00e1 prolongado por um ano (at\u00e9 18 de abril de 2020) no caso das Administra\u00e7\u00f5es Regionais e Locais, para lhes dar tempo de ser adaptarem \u00e0 grande mudan\u00e7a que implica a n\u00edvel internacional e devido \u00e0 complexidade do projeto. <a href=\"https:\/\/www.computerworld.com.pt\/2019\/04\/16\/administracoes-publicas-na-ue-obrigadas-a-processar-faturas-de-forma-eletronica\/\">Mais&#8230;<\/a><\/p>\n","protected":false},"excerpt":{"rendered":"<p>\u00c9 j\u00e1 a apartir desta quinta-feira dia 18 de abril que as Administra\u00e7\u00f5es P\u00fablicas dos pa\u00edses da Uni\u00e3o Europeia ficar\u00e3o obrigadas a receber e processar faturas de forma eletr\u00f3nica nas suas opera\u00e7\u00f5es B2G e devem utilizar um formato comum. O prazo desta obriga\u00e7\u00e3o ser\u00e1 prolongado por um ano (at\u00e9 18 de abril de 2020) no [&hellip;]<\/p>\n","protected":false},"author":1,"featured_media":0,"comment_status":"closed","ping_status":"closed","sticky":false,"template":"","format":"standard","meta":{"footnotes":""},"categories":[15],"tags":[564,3649,99],"class_list":["post-6151","post","type-post","status-publish","format-standard","hentry","category-tic-mais","tag-administracao-publica","tag-fatura-electronica","tag-uniao-europeia"],"_links":{"self":[{"href":"https:\/\/www.ticmais.pt\/index.php?rest_route=\/wp\/v2\/posts\/6151","targetHints":{"allow":["GET"]}}],"collection":[{"href":"https:\/\/www.ticmais.pt\/index.php?rest_route=\/wp\/v2\/posts"}],"about":[{"href":"https:\/\/www.ticmais.pt\/index.php?rest_route=\/wp\/v2\/types\/post"}],"author":[{"embeddable":true,"href":"https:\/\/www.ticmais.pt\/index.php?rest_route=\/wp\/v2\/users\/1"}],"replies":[{"embeddable":true,"href":"https:\/\/www.ticmais.pt\/index.php?rest_route=%2Fwp%2Fv2%2Fcomments&post=6151"}],"version-history":[{"count":0,"href":"https:\/\/www.ticmais.pt\/index.php?rest_route=\/wp\/v2\/posts\/6151\/revisions"}],"wp:attachment":[{"href":"https:\/\/www.ticmais.pt\/index.php?rest_route=%2Fwp%2Fv2%2Fmedia&parent=6151"}],"wp:term":[{"taxonomy":"category","embeddable":true,"href":"https:\/\/www.ticmais.pt\/index.php?rest_route=%2Fwp%2Fv2%2Fcategories&post=6151"},{"taxonomy":"post_tag","embeddable":true,"href":"https:\/\/www.ticmais.pt\/index.php?rest_route=%2Fwp%2Fv2%2Ftags&post=6151"}],"curies":[{"name":"wp","href":"https:\/\/api.w.org\/{rel}","templated":true}]}}