{"id":6152,"date":"2019-04-24T19:41:20","date_gmt":"2019-04-24T18:41:20","guid":{"rendered":"https:\/\/www.ticmais.pt\/?p=6152"},"modified":"2019-04-24T19:42:35","modified_gmt":"2019-04-24T18:42:35","slug":"se-tem-mais-de-25-anos-ja-pode-renovar-o-seu-cc-em-menos-de-5-minutos","status":"publish","type":"post","link":"https:\/\/www.ticmais.pt\/?p=6152","title":{"rendered":"Se tem mais de 25 anos j\u00e1 pode renovar o seu CC em menos de 5 minutos"},"content":{"rendered":"<p><img decoding=\"async\" class=\"alignleft\" src=\"https:\/\/www.ticmais.pt\/ticmais\/imagens\/Setemmaisde25anosjpoderenovaroseuCCemmenosde5minutos.jpg\" \/><\/p>\n<p style=\"text-align: justify;\">O Cart\u00e3o de Cidad\u00e3o (CC) \u00e9 um documento de cidadania que permite ao cidad\u00e3o identificar-se de forma segura. Para al\u00e9m de um documento de identifica\u00e7\u00e3o f\u00edsico, o CC \u00e9 um documento eletr\u00f3nico que possibilita a realiza\u00e7\u00e3o de v\u00e1rias opera\u00e7\u00f5es sem necessidade de intera\u00e7\u00e3o presencial.<br \/>\nSe tem mais de 25 anos j\u00e1 pode renovar o seu CC em menos de 5 minutos. <a href=\"https:\/\/pplware.sapo.pt\/informacao\/cartao-de-cidadao-5-minutos\/\">Mais&#8230;<\/a><\/p>\n","protected":false},"excerpt":{"rendered":"<p>O Cart\u00e3o de Cidad\u00e3o (CC) \u00e9 um documento de cidadania que permite ao cidad\u00e3o identificar-se de forma segura. Para al\u00e9m de um documento de identifica\u00e7\u00e3o f\u00edsico, o CC \u00e9 um documento eletr\u00f3nico que possibilita a realiza\u00e7\u00e3o de v\u00e1rias opera\u00e7\u00f5es sem necessidade de intera\u00e7\u00e3o presencial. Se tem mais de 25 anos j\u00e1 pode renovar o seu [&hellip;]<\/p>\n","protected":false},"author":1,"featured_media":0,"comment_status":"closed","ping_status":"closed","sticky":false,"template":"","format":"standard","meta":{"footnotes":""},"categories":[15],"tags":[688,9,3174,3650],"class_list":["post-6152","post","type-post","status-publish","format-standard","hentry","category-tic-mais","tag-cartao-de-cidadao","tag-modernizacao-administrativa","tag-novo-simplex","tag-renovacao"],"_links":{"self":[{"href":"https:\/\/www.ticmais.pt\/index.php?rest_route=\/wp\/v2\/posts\/6152","targetHints":{"allow":["GET"]}}],"collection":[{"href":"https:\/\/www.ticmais.pt\/index.php?rest_route=\/wp\/v2\/posts"}],"about":[{"href":"https:\/\/www.ticmais.pt\/index.php?rest_route=\/wp\/v2\/types\/post"}],"author":[{"embeddable":true,"href":"https:\/\/www.ticmais.pt\/index.php?rest_route=\/wp\/v2\/users\/1"}],"replies":[{"embeddable":true,"href":"https:\/\/www.ticmais.pt\/index.php?rest_route=%2Fwp%2Fv2%2Fcomments&post=6152"}],"version-history":[{"count":0,"href":"https:\/\/www.ticmais.pt\/index.php?rest_route=\/wp\/v2\/posts\/6152\/revisions"}],"wp:attachment":[{"href":"https:\/\/www.ticmais.pt\/index.php?rest_route=%2Fwp%2Fv2%2Fmedia&parent=6152"}],"wp:term":[{"taxonomy":"category","embeddable":true,"href":"https:\/\/www.ticmais.pt\/index.php?rest_route=%2Fwp%2Fv2%2Fcategories&post=6152"},{"taxonomy":"post_tag","embeddable":true,"href":"https:\/\/www.ticmais.pt\/index.php?rest_route=%2Fwp%2Fv2%2Ftags&post=6152"}],"curies":[{"name":"wp","href":"https:\/\/api.w.org\/{rel}","templated":true}]}}