{"id":6161,"date":"2019-05-09T00:36:56","date_gmt":"2019-05-08T23:36:56","guid":{"rendered":"https:\/\/www.ticmais.pt\/?p=6161"},"modified":"2019-05-09T00:38:46","modified_gmt":"2019-05-08T23:38:46","slug":"alemanha-abre-a-primeira-estrada-eletrificada-para-camioes-com-sistema-da-siemens","status":"publish","type":"post","link":"https:\/\/www.ticmais.pt\/?p=6161","title":{"rendered":"Alemanha abre a primeira estrada eletrificada para cami\u00f5es com sistema da Siemens"},"content":{"rendered":"<p><img decoding=\"async\" class=\"alignleft\" src=\"https:\/\/www.ticmais.pt\/ticmais\/imagens\/AlemanhaabreaprimeiraestradaeletrificadaparacamiescomsistemadaSiemens.jpg\" \/><\/p>\n<p style=\"text-align: justify;\">Os ve\u00edculos el\u00e9tricos ligeiros est\u00e3o a alcan\u00e7ar um compromisso interessante, contudo, nos pesados ainda n\u00e3o se vislumbra uma alternativa vi\u00e1vel. Al\u00e9m disso, quando se fala em polui\u00e7\u00e3o, este meio de transporte \u00e9 um dos mais poluentes. Nesse sentido, a Alemanha, que est\u00e1 num processo en\u00e9rgico contra as emiss\u00f5es, vai abrir uma estrada eletrificada para pesados. <a href=\"https:\/\/pplware.sapo.pt\/motores\/alemanha-abre-a-primeira-estrada-eletrica-para-camioes\/\">Mais&#8230;<\/a><\/p>\n","protected":false},"excerpt":{"rendered":"<p>Os ve\u00edculos el\u00e9tricos ligeiros est\u00e3o a alcan\u00e7ar um compromisso interessante, contudo, nos pesados ainda n\u00e3o se vislumbra uma alternativa vi\u00e1vel. Al\u00e9m disso, quando se fala em polui\u00e7\u00e3o, este meio de transporte \u00e9 um dos mais poluentes. Nesse sentido, a Alemanha, que est\u00e1 num processo en\u00e9rgico contra as emiss\u00f5es, vai abrir uma estrada eletrificada para pesados. [&hellip;]<\/p>\n","protected":false},"author":1,"featured_media":0,"comment_status":"closed","ping_status":"closed","sticky":false,"template":"","format":"standard","meta":{"footnotes":""},"categories":[15],"tags":[492,3655,590,229],"class_list":["post-6161","post","type-post","status-publish","format-standard","hentry","category-tic-mais","tag-alemanha","tag-eletrificadas","tag-estradas","tag-veiculos-hibridos"],"_links":{"self":[{"href":"https:\/\/www.ticmais.pt\/index.php?rest_route=\/wp\/v2\/posts\/6161","targetHints":{"allow":["GET"]}}],"collection":[{"href":"https:\/\/www.ticmais.pt\/index.php?rest_route=\/wp\/v2\/posts"}],"about":[{"href":"https:\/\/www.ticmais.pt\/index.php?rest_route=\/wp\/v2\/types\/post"}],"author":[{"embeddable":true,"href":"https:\/\/www.ticmais.pt\/index.php?rest_route=\/wp\/v2\/users\/1"}],"replies":[{"embeddable":true,"href":"https:\/\/www.ticmais.pt\/index.php?rest_route=%2Fwp%2Fv2%2Fcomments&post=6161"}],"version-history":[{"count":0,"href":"https:\/\/www.ticmais.pt\/index.php?rest_route=\/wp\/v2\/posts\/6161\/revisions"}],"wp:attachment":[{"href":"https:\/\/www.ticmais.pt\/index.php?rest_route=%2Fwp%2Fv2%2Fmedia&parent=6161"}],"wp:term":[{"taxonomy":"category","embeddable":true,"href":"https:\/\/www.ticmais.pt\/index.php?rest_route=%2Fwp%2Fv2%2Fcategories&post=6161"},{"taxonomy":"post_tag","embeddable":true,"href":"https:\/\/www.ticmais.pt\/index.php?rest_route=%2Fwp%2Fv2%2Ftags&post=6161"}],"curies":[{"name":"wp","href":"https:\/\/api.w.org\/{rel}","templated":true}]}}