{"id":6190,"date":"2019-06-27T23:30:34","date_gmt":"2019-06-27T22:30:34","guid":{"rendered":"https:\/\/www.ticmais.pt\/?p=6190"},"modified":"2019-06-27T23:32:00","modified_gmt":"2019-06-27T22:32:00","slug":"empresas-do-estado-podem-substituir-frota-por-carros-eletricos-a-partir-de-sexta-feira","status":"publish","type":"post","link":"https:\/\/www.ticmais.pt\/?p=6190","title":{"rendered":"Empresas do Estado podem substituir frota por carros el\u00e9tricos a partir de sexta-feira"},"content":{"rendered":"<p><img decoding=\"async\" class=\"alignleft\" src=\"https:\/\/www.ticmais.pt\/ticmais\/imagens\/EmpresasdoEstadopodemsubstituirfrotaporcarroseltricosapartirdesexta-feira.jpg\" \/><\/p>\n<div style=\"text-align: justify;\">Portugal e a Europa t\u00eam metas a cumprir no que diz respeito \u00e0 neutralidade carb\u00f3nica.<br \/>\nDe acordo com o que foi hoje publicado em Di\u00e1rio da Rep\u00fablica, as empresas do Estado podem avan\u00e7ar para a substitui\u00e7\u00e3o de pelo menos metade da frota por ve\u00edculos sem emiss\u00f5es a partir de sexta-feira. <a href=\"https:\/\/pplware.sapo.pt\/informacao\/estado-substituir-carros-eletricos\/\">Mais&#8230;<\/a><\/div>\n","protected":false},"excerpt":{"rendered":"<p>Portugal e a Europa t\u00eam metas a cumprir no que diz respeito \u00e0 neutralidade carb\u00f3nica. De acordo com o que foi hoje publicado em Di\u00e1rio da Rep\u00fablica, as empresas do Estado podem avan\u00e7ar para a substitui\u00e7\u00e3o de pelo menos metade da frota por ve\u00edculos sem emiss\u00f5es a partir de sexta-feira. Mais&#8230;<\/p>\n","protected":false},"author":1,"featured_media":0,"comment_status":"closed","ping_status":"closed","sticky":false,"template":"","format":"standard","meta":{"footnotes":""},"categories":[15],"tags":[1927,1222,388,3690,2332,3650,59],"class_list":["post-6190","post","type-post","status-publish","format-standard","hentry","category-tic-mais","tag-automoveis","tag-empresas","tag-estado","tag-frota","tag-portugual","tag-renovacao","tag-veiculos-electricos"],"_links":{"self":[{"href":"https:\/\/www.ticmais.pt\/index.php?rest_route=\/wp\/v2\/posts\/6190","targetHints":{"allow":["GET"]}}],"collection":[{"href":"https:\/\/www.ticmais.pt\/index.php?rest_route=\/wp\/v2\/posts"}],"about":[{"href":"https:\/\/www.ticmais.pt\/index.php?rest_route=\/wp\/v2\/types\/post"}],"author":[{"embeddable":true,"href":"https:\/\/www.ticmais.pt\/index.php?rest_route=\/wp\/v2\/users\/1"}],"replies":[{"embeddable":true,"href":"https:\/\/www.ticmais.pt\/index.php?rest_route=%2Fwp%2Fv2%2Fcomments&post=6190"}],"version-history":[{"count":0,"href":"https:\/\/www.ticmais.pt\/index.php?rest_route=\/wp\/v2\/posts\/6190\/revisions"}],"wp:attachment":[{"href":"https:\/\/www.ticmais.pt\/index.php?rest_route=%2Fwp%2Fv2%2Fmedia&parent=6190"}],"wp:term":[{"taxonomy":"category","embeddable":true,"href":"https:\/\/www.ticmais.pt\/index.php?rest_route=%2Fwp%2Fv2%2Fcategories&post=6190"},{"taxonomy":"post_tag","embeddable":true,"href":"https:\/\/www.ticmais.pt\/index.php?rest_route=%2Fwp%2Fv2%2Ftags&post=6190"}],"curies":[{"name":"wp","href":"https:\/\/api.w.org\/{rel}","templated":true}]}}