{"id":6193,"date":"2019-07-01T21:59:47","date_gmt":"2019-07-01T20:59:47","guid":{"rendered":"https:\/\/www.ticmais.pt\/?p=6193"},"modified":"2019-07-01T22:03:35","modified_gmt":"2019-07-01T21:03:35","slug":"opiniao-formar-para-as-competencias-digitais-e-desenhar-um-futuro-a-pensar-nas-pessoas","status":"publish","type":"post","link":"https:\/\/www.ticmais.pt\/?p=6193","title":{"rendered":"Opini\u00e3o: Formar para as compet\u00eancias digitais \u00e9 desenhar um futuro a pensar nas pessoas"},"content":{"rendered":"<p><img decoding=\"async\" class=\"alignleft\" src=\"https:\/\/www.ticmais.pt\/ticmais\/imagens\/OpinioFormarparaascompetnciasdigitaisdesenharumfuturoapensarnaspessoas.jpg\" \/><\/p>\n<div style=\"text-align: justify;\">Luisa Gueif\u00e3o fala neste artigo de opini\u00e3o da necessidade de formar para as compet\u00eancias digitais e alerta que Portugal precisa de todos num movimento de constru\u00e7\u00e3o social baseado no digital. <a href=\"https:\/\/tek.sapo.pt\/opiniao\/artigos\/opiniao-formar-para-as-competencias-digitais-e-desenhar-um-futuro-a-pensar-nas-pessoas\">Mais&#8230;<\/a><\/div>\n","protected":false},"excerpt":{"rendered":"<p>Luisa Gueif\u00e3o fala neste artigo de opini\u00e3o da necessidade de formar para as compet\u00eancias digitais e alerta que Portugal precisa de todos num movimento de constru\u00e7\u00e3o social baseado no digital. Mais&#8230;<\/p>\n","protected":false},"author":1,"featured_media":0,"comment_status":"closed","ping_status":"closed","sticky":false,"template":"","format":"standard","meta":{"footnotes":""},"categories":[15],"tags":[3702,1356,295,1870,8,3309,3703],"class_list":["post-6193","post","type-post","status-publish","format-standard","hentry","category-tic-mais","tag-associacao-dns-pt","tag-competencias","tag-deco","tag-digitais","tag-inclusao-digital","tag-muda","tag-sitestar-pt"],"_links":{"self":[{"href":"https:\/\/www.ticmais.pt\/index.php?rest_route=\/wp\/v2\/posts\/6193","targetHints":{"allow":["GET"]}}],"collection":[{"href":"https:\/\/www.ticmais.pt\/index.php?rest_route=\/wp\/v2\/posts"}],"about":[{"href":"https:\/\/www.ticmais.pt\/index.php?rest_route=\/wp\/v2\/types\/post"}],"author":[{"embeddable":true,"href":"https:\/\/www.ticmais.pt\/index.php?rest_route=\/wp\/v2\/users\/1"}],"replies":[{"embeddable":true,"href":"https:\/\/www.ticmais.pt\/index.php?rest_route=%2Fwp%2Fv2%2Fcomments&post=6193"}],"version-history":[{"count":0,"href":"https:\/\/www.ticmais.pt\/index.php?rest_route=\/wp\/v2\/posts\/6193\/revisions"}],"wp:attachment":[{"href":"https:\/\/www.ticmais.pt\/index.php?rest_route=%2Fwp%2Fv2%2Fmedia&parent=6193"}],"wp:term":[{"taxonomy":"category","embeddable":true,"href":"https:\/\/www.ticmais.pt\/index.php?rest_route=%2Fwp%2Fv2%2Fcategories&post=6193"},{"taxonomy":"post_tag","embeddable":true,"href":"https:\/\/www.ticmais.pt\/index.php?rest_route=%2Fwp%2Fv2%2Ftags&post=6193"}],"curies":[{"name":"wp","href":"https:\/\/api.w.org\/{rel}","templated":true}]}}