{"id":6202,"date":"2019-07-31T18:08:48","date_gmt":"2019-07-31T17:08:48","guid":{"rendered":"https:\/\/www.ticmais.pt\/?p=6202"},"modified":"2019-07-31T18:11:02","modified_gmt":"2019-07-31T17:11:02","slug":"de-que-forma-as-ferramentas-digitais-contribuem-para-a-inclusao-social-programa-itinerante-explica","status":"publish","type":"post","link":"https:\/\/www.ticmais.pt\/?p=6202","title":{"rendered":"De que forma as ferramentas digitais contribuem para a inclus\u00e3o social? Programa itinerante explica"},"content":{"rendered":"<p><img decoding=\"async\" class=\"alignleft\" src=\"https:\/\/www.ticmais.pt\/ticmais\/imagens\/DequeformaasferramentasdigitaiscontribuemparaainclusosocialProgramaitineranteexplica.jpg\" \/><\/p>\n<div style=\"text-align: justify;\">A iniciativa \u00e9 do .PT, da FCT e da INCoDe. 2030, em parceria com o MUDA. O objetivo passa por sensibilizar e, com isso, apoiar na promo\u00e7\u00e3o e desenvolvimento da inclus\u00e3o digital\u00a0 junto dos cidad\u00e3os com menos facilidade de intera\u00e7\u00e3o com a Internet. <a href=\"https:\/\/tek.sapo.pt\/expert\/artigos\/de-que-forma-as-ferramentas-digitais-contribuem-para-a-inclusao-social-programa-itinerante-explica\">Mais&#8230;<\/a><\/div>\n","protected":false},"excerpt":{"rendered":"<p>A iniciativa \u00e9 do .PT, da FCT e da INCoDe. 2030, em parceria com o MUDA. O objetivo passa por sensibilizar e, com isso, apoiar na promo\u00e7\u00e3o e desenvolvimento da inclus\u00e3o digital\u00a0 junto dos cidad\u00e3os com menos facilidade de intera\u00e7\u00e3o com a Internet. Mais&#8230;<\/p>\n","protected":false},"author":1,"featured_media":0,"comment_status":"closed","ping_status":"closed","sticky":false,"template":"","format":"standard","meta":{"footnotes":""},"categories":[15],"tags":[1631,8,3719,3369,3309,2086],"class_list":["post-6202","post","type-post","status-publish","format-standard","hentry","category-tic-mais","tag-fct","tag-inclusao-digital","tag-inclusao-social","tag-incode-2030","tag-muda","tag-pt"],"_links":{"self":[{"href":"https:\/\/www.ticmais.pt\/index.php?rest_route=\/wp\/v2\/posts\/6202","targetHints":{"allow":["GET"]}}],"collection":[{"href":"https:\/\/www.ticmais.pt\/index.php?rest_route=\/wp\/v2\/posts"}],"about":[{"href":"https:\/\/www.ticmais.pt\/index.php?rest_route=\/wp\/v2\/types\/post"}],"author":[{"embeddable":true,"href":"https:\/\/www.ticmais.pt\/index.php?rest_route=\/wp\/v2\/users\/1"}],"replies":[{"embeddable":true,"href":"https:\/\/www.ticmais.pt\/index.php?rest_route=%2Fwp%2Fv2%2Fcomments&post=6202"}],"version-history":[{"count":0,"href":"https:\/\/www.ticmais.pt\/index.php?rest_route=\/wp\/v2\/posts\/6202\/revisions"}],"wp:attachment":[{"href":"https:\/\/www.ticmais.pt\/index.php?rest_route=%2Fwp%2Fv2%2Fmedia&parent=6202"}],"wp:term":[{"taxonomy":"category","embeddable":true,"href":"https:\/\/www.ticmais.pt\/index.php?rest_route=%2Fwp%2Fv2%2Fcategories&post=6202"},{"taxonomy":"post_tag","embeddable":true,"href":"https:\/\/www.ticmais.pt\/index.php?rest_route=%2Fwp%2Fv2%2Ftags&post=6202"}],"curies":[{"name":"wp","href":"https:\/\/api.w.org\/{rel}","templated":true}]}}