{"id":6203,"date":"2019-07-31T18:15:56","date_gmt":"2019-07-31T17:15:56","guid":{"rendered":"https:\/\/www.ticmais.pt\/?p=6203"},"modified":"2019-07-31T18:17:33","modified_gmt":"2019-07-31T17:17:33","slug":"novo-documento-unico-automovel-livrete-do-carro-ja-dia-1-de-agosto","status":"publish","type":"post","link":"https:\/\/www.ticmais.pt\/?p=6203","title":{"rendered":"Novo Documento \u00danico Autom\u00f3vel (livrete do carro) j\u00e1 dia 1 de agosto"},"content":{"rendered":"<p><img decoding=\"async\" class=\"alignleft\" src=\"https:\/\/www.ticmais.pt\/ticmais\/imagens\/NovoDocumentonicoAutomvellivretedocarrojdia1deagosto.jpg\" \/><\/p>\n<div style=\"text-align: justify;\">O novo Documento \u00danico Autom\u00f3vel entra em vigor j\u00e1 amanh\u00e3 (1 de agosto) e cabe na carteira. Este novo cart\u00e3o tem as dimens\u00f5es de um cart\u00e3o de cidad\u00e3o e nesta primeira fase apenas chegar\u00e1 a novas matr\u00edculas. Em 2020 este documento chegar\u00e1 a todos os ve\u00edculos. <a href=\"https:\/\/pplware.sapo.pt\/informacao\/portugal-novo-documento-unico-automovel-livrete-do-carro-ja-dia-1-de-agosto\/\">Mais&#8230;<\/a><\/div>\n","protected":false},"excerpt":{"rendered":"<p>O novo Documento \u00danico Autom\u00f3vel entra em vigor j\u00e1 amanh\u00e3 (1 de agosto) e cabe na carteira. Este novo cart\u00e3o tem as dimens\u00f5es de um cart\u00e3o de cidad\u00e3o e nesta primeira fase apenas chegar\u00e1 a novas matr\u00edculas. Em 2020 este documento chegar\u00e1 a todos os ve\u00edculos. Mais&#8230;<\/p>\n","protected":false},"author":1,"featured_media":0,"comment_status":"closed","ping_status":"closed","sticky":false,"template":"","format":"standard","meta":{"footnotes":""},"categories":[15],"tags":[1927,3688,9,1903,3174,2087],"class_list":["post-6203","post","type-post","status-publish","format-standard","hentry","category-tic-mais","tag-automoveis","tag-dua","tag-modernizacao-administrativa","tag-novo","tag-novo-simplex","tag-registo"],"_links":{"self":[{"href":"https:\/\/www.ticmais.pt\/index.php?rest_route=\/wp\/v2\/posts\/6203","targetHints":{"allow":["GET"]}}],"collection":[{"href":"https:\/\/www.ticmais.pt\/index.php?rest_route=\/wp\/v2\/posts"}],"about":[{"href":"https:\/\/www.ticmais.pt\/index.php?rest_route=\/wp\/v2\/types\/post"}],"author":[{"embeddable":true,"href":"https:\/\/www.ticmais.pt\/index.php?rest_route=\/wp\/v2\/users\/1"}],"replies":[{"embeddable":true,"href":"https:\/\/www.ticmais.pt\/index.php?rest_route=%2Fwp%2Fv2%2Fcomments&post=6203"}],"version-history":[{"count":0,"href":"https:\/\/www.ticmais.pt\/index.php?rest_route=\/wp\/v2\/posts\/6203\/revisions"}],"wp:attachment":[{"href":"https:\/\/www.ticmais.pt\/index.php?rest_route=%2Fwp%2Fv2%2Fmedia&parent=6203"}],"wp:term":[{"taxonomy":"category","embeddable":true,"href":"https:\/\/www.ticmais.pt\/index.php?rest_route=%2Fwp%2Fv2%2Fcategories&post=6203"},{"taxonomy":"post_tag","embeddable":true,"href":"https:\/\/www.ticmais.pt\/index.php?rest_route=%2Fwp%2Fv2%2Ftags&post=6203"}],"curies":[{"name":"wp","href":"https:\/\/api.w.org\/{rel}","templated":true}]}}