{"id":6210,"date":"2019-09-03T01:11:17","date_gmt":"2019-09-03T00:11:17","guid":{"rendered":"https:\/\/www.ticmais.pt\/?p=6210"},"modified":"2019-09-03T01:12:22","modified_gmt":"2019-09-03T00:12:22","slug":"sistemas-solares-fotovoltaicos-nos-telhados-portugal-e-dos-paises-com-maior-potencial-economico-da-ue","status":"publish","type":"post","link":"https:\/\/www.ticmais.pt\/?p=6210","title":{"rendered":"Sistemas solares fotovoltaicos nos telhados? Portugal \u00e9 dos pa\u00edses com maior potencial econ\u00f3mico da UE"},"content":{"rendered":"<p><img decoding=\"async\" class=\"alignleft\" src=\"https:\/\/www.ticmais.pt\/ticmais\/imagens\/SistemassolaresfotovoltaicosnostelhadosPortugaldospasescommaiorpotencialeconmicodaUE.jpg\" \/><\/p>\n<div style=\"text-align: justify;\">Os sistemas solares fotovoltaicos (PV) no telhado podem contribuir significativamente para a transi\u00e7\u00e3o energ\u00e9tica da Europa e Portugal \u00e9 um dos pa\u00edses com maior potencial econ\u00f3mico. A conclus\u00e3o \u00e9 de um estudo de investigadores da Comiss\u00e3o Europeia e do Instituto Europeu de Investiga\u00e7\u00e3o e Tecnologia, que analisou imagens de sat\u00e9lites, pre\u00e7os da eletricidade e dados das terras para avaliar o potencial energ\u00e9tico inexplorado nos edif\u00edcios da Europa. <a href=\"https:\/\/tek.sapo.pt\/noticias\/ciencia\/artigos\/sistemas-solares-fotovoltaicos-nos-telhados-portugal-e-dos-paises-com-maior-potencial-economico-da-ue\">Mais&#8230;<\/a><\/div>\n","protected":false},"excerpt":{"rendered":"<p>Os sistemas solares fotovoltaicos (PV) no telhado podem contribuir significativamente para a transi\u00e7\u00e3o energ\u00e9tica da Europa e Portugal \u00e9 um dos pa\u00edses com maior potencial econ\u00f3mico. A conclus\u00e3o \u00e9 de um estudo de investigadores da Comiss\u00e3o Europeia e do Instituto Europeu de Investiga\u00e7\u00e3o e Tecnologia, que analisou imagens de sat\u00e9lites, pre\u00e7os da eletricidade e dados [&hellip;]<\/p>\n","protected":false},"author":1,"featured_media":0,"comment_status":"closed","ping_status":"closed","sticky":false,"template":"","format":"standard","meta":{"footnotes":""},"categories":[15],"tags":[38,132,3726],"class_list":["post-6210","post","type-post","status-publish","format-standard","hentry","category-tic-mais","tag-energia-solar","tag-portugal","tag-telhados"],"_links":{"self":[{"href":"https:\/\/www.ticmais.pt\/index.php?rest_route=\/wp\/v2\/posts\/6210","targetHints":{"allow":["GET"]}}],"collection":[{"href":"https:\/\/www.ticmais.pt\/index.php?rest_route=\/wp\/v2\/posts"}],"about":[{"href":"https:\/\/www.ticmais.pt\/index.php?rest_route=\/wp\/v2\/types\/post"}],"author":[{"embeddable":true,"href":"https:\/\/www.ticmais.pt\/index.php?rest_route=\/wp\/v2\/users\/1"}],"replies":[{"embeddable":true,"href":"https:\/\/www.ticmais.pt\/index.php?rest_route=%2Fwp%2Fv2%2Fcomments&post=6210"}],"version-history":[{"count":0,"href":"https:\/\/www.ticmais.pt\/index.php?rest_route=\/wp\/v2\/posts\/6210\/revisions"}],"wp:attachment":[{"href":"https:\/\/www.ticmais.pt\/index.php?rest_route=%2Fwp%2Fv2%2Fmedia&parent=6210"}],"wp:term":[{"taxonomy":"category","embeddable":true,"href":"https:\/\/www.ticmais.pt\/index.php?rest_route=%2Fwp%2Fv2%2Fcategories&post=6210"},{"taxonomy":"post_tag","embeddable":true,"href":"https:\/\/www.ticmais.pt\/index.php?rest_route=%2Fwp%2Fv2%2Ftags&post=6210"}],"curies":[{"name":"wp","href":"https:\/\/api.w.org\/{rel}","templated":true}]}}