{"id":6213,"date":"2019-09-05T20:31:28","date_gmt":"2019-09-05T19:31:28","guid":{"rendered":"https:\/\/www.ticmais.pt\/?p=6213"},"modified":"2019-09-05T20:38:13","modified_gmt":"2019-09-05T19:38:13","slug":"e-necessario-um-esforco-global-para-que-todos-beneficiem-da-economia-digital-diz-onu","status":"publish","type":"post","link":"https:\/\/www.ticmais.pt\/?p=6213","title":{"rendered":"\u00c9 necess\u00e1rio um \u201cesfor\u00e7o global\u201d para que todos beneficiem da economia digital, diz ONU"},"content":{"rendered":"<p><img decoding=\"async\" class=\"alignleft\" src=\"https:\/\/www.ticmais.pt\/ticmais\/imagens\/necessrioumesforoglobalparaquetodosbeneficiemdaeconomiadigitaldizONU.jpg\" \/><\/p>\n<p style=\"text-align: justify;\">S\u00e3o necess\u00e1rios esfor\u00e7os globais concertados para equilibrar os ganhos da economia digital, em r\u00e1pida expans\u00e3o apenas para alguns pa\u00edses. Esta \u00e9 a principal conclus\u00e3o do novo relat\u00f3rio da Confer\u00eancia das Na\u00e7\u00f5es Unidas sobre Com\u00e9rcio e Desenvolvimento (UNCTAD), lan\u00e7ado esta quarta-feira, que analisa o fluxo, os dados e os valores na economia digital global. <a href=\"https:\/\/tek.sapo.pt\/noticias\/internet\/artigos\/e-necessario-um-esforco-global-para-que-todos-beneficiem-da-economia-digital-diz-onu\">Mais&#8230;<\/a><\/p>\n","protected":false},"excerpt":{"rendered":"<p>S\u00e3o necess\u00e1rios esfor\u00e7os globais concertados para equilibrar os ganhos da economia digital, em r\u00e1pida expans\u00e3o apenas para alguns pa\u00edses. Esta \u00e9 a principal conclus\u00e3o do novo relat\u00f3rio da Confer\u00eancia das Na\u00e7\u00f5es Unidas sobre Com\u00e9rcio e Desenvolvimento (UNCTAD), lan\u00e7ado esta quarta-feira, que analisa o fluxo, os dados e os valores na economia digital global. Mais&#8230;<\/p>\n","protected":false},"author":1,"featured_media":0,"comment_status":"closed","ping_status":"closed","sticky":false,"template":"","format":"standard","meta":{"footnotes":""},"categories":[15],"tags":[2804,3041,3732,715,717,3733],"class_list":["post-6213","post","type-post","status-publish","format-standard","hentry","category-tic-mais","tag-conferencia","tag-economia_digital","tag-esforco-global","tag-onu","tag-relatorio","tag-unctad"],"_links":{"self":[{"href":"https:\/\/www.ticmais.pt\/index.php?rest_route=\/wp\/v2\/posts\/6213","targetHints":{"allow":["GET"]}}],"collection":[{"href":"https:\/\/www.ticmais.pt\/index.php?rest_route=\/wp\/v2\/posts"}],"about":[{"href":"https:\/\/www.ticmais.pt\/index.php?rest_route=\/wp\/v2\/types\/post"}],"author":[{"embeddable":true,"href":"https:\/\/www.ticmais.pt\/index.php?rest_route=\/wp\/v2\/users\/1"}],"replies":[{"embeddable":true,"href":"https:\/\/www.ticmais.pt\/index.php?rest_route=%2Fwp%2Fv2%2Fcomments&post=6213"}],"version-history":[{"count":0,"href":"https:\/\/www.ticmais.pt\/index.php?rest_route=\/wp\/v2\/posts\/6213\/revisions"}],"wp:attachment":[{"href":"https:\/\/www.ticmais.pt\/index.php?rest_route=%2Fwp%2Fv2%2Fmedia&parent=6213"}],"wp:term":[{"taxonomy":"category","embeddable":true,"href":"https:\/\/www.ticmais.pt\/index.php?rest_route=%2Fwp%2Fv2%2Fcategories&post=6213"},{"taxonomy":"post_tag","embeddable":true,"href":"https:\/\/www.ticmais.pt\/index.php?rest_route=%2Fwp%2Fv2%2Ftags&post=6213"}],"curies":[{"name":"wp","href":"https:\/\/api.w.org\/{rel}","templated":true}]}}