{"id":6216,"date":"2019-09-10T00:12:40","date_gmt":"2019-09-09T23:12:40","guid":{"rendered":"https:\/\/www.ticmais.pt\/?p=6216"},"modified":"2019-09-10T00:12:55","modified_gmt":"2019-09-09T23:12:55","slug":"quase-um-terco-dos-cidadaos-nao-conhece-os-servicos-digitais-do-governo-do-seu-pais","status":"publish","type":"post","link":"https:\/\/www.ticmais.pt\/?p=6216","title":{"rendered":"Quase um ter\u00e7o dos cidad\u00e3os n\u00e3o conhece os servi\u00e7os digitais do governo do seu pa\u00eds"},"content":{"rendered":"<p><img decoding=\"async\" class=\"alignleft\" src=\"https:\/\/www.ticmais.pt\/ticmais\/imagens\/Quaseumterodoscidadosnoconheceosserviosdigitaisdogovernodoseupas.jpg\" \/><\/p>\n<div style=\"text-align: justify;\">Ap\u00f3s Mariana Vieira da Silva, Ministra da Presid\u00eancia e da Moderniza\u00e7\u00e3o Administrativa, ter alertado para o n\u00famero consider\u00e1vel de pessoas que se deslocam a espa\u00e7os f\u00edsicos para resolver determinados assuntos, quando o podiam fazer atrav\u00e9s dos servi\u00e7os online, um estudo global revela que 31% dos cidad\u00e3os afirmam n\u00e3o utilizar ou n\u00e3o saber aceder \u00e0s funcionalidades digitais disponibilizadas pelo Estado. <a href=\"https:\/\/tek.sapo.pt\/noticias\/negocios\/artigos\/quase-um-terco-dos-cidadaos-nao-conhece-os-servicos-digitais-do-governo-do-seu-pais\">Mais&#8230;<\/a><\/div>\n","protected":false},"excerpt":{"rendered":"<p>Ap\u00f3s Mariana Vieira da Silva, Ministra da Presid\u00eancia e da Moderniza\u00e7\u00e3o Administrativa, ter alertado para o n\u00famero consider\u00e1vel de pessoas que se deslocam a espa\u00e7os f\u00edsicos para resolver determinados assuntos, quando o podiam fazer atrav\u00e9s dos servi\u00e7os online, um estudo global revela que 31% dos cidad\u00e3os afirmam n\u00e3o utilizar ou n\u00e3o saber aceder \u00e0s funcionalidades [&hellip;]<\/p>\n","protected":false},"author":1,"featured_media":0,"comment_status":"closed","ping_status":"closed","sticky":false,"template":"","format":"standard","meta":{"footnotes":""},"categories":[15],"tags":[8,9,3174],"class_list":["post-6216","post","type-post","status-publish","format-standard","hentry","category-tic-mais","tag-inclusao-digital","tag-modernizacao-administrativa","tag-novo-simplex"],"_links":{"self":[{"href":"https:\/\/www.ticmais.pt\/index.php?rest_route=\/wp\/v2\/posts\/6216","targetHints":{"allow":["GET"]}}],"collection":[{"href":"https:\/\/www.ticmais.pt\/index.php?rest_route=\/wp\/v2\/posts"}],"about":[{"href":"https:\/\/www.ticmais.pt\/index.php?rest_route=\/wp\/v2\/types\/post"}],"author":[{"embeddable":true,"href":"https:\/\/www.ticmais.pt\/index.php?rest_route=\/wp\/v2\/users\/1"}],"replies":[{"embeddable":true,"href":"https:\/\/www.ticmais.pt\/index.php?rest_route=%2Fwp%2Fv2%2Fcomments&post=6216"}],"version-history":[{"count":0,"href":"https:\/\/www.ticmais.pt\/index.php?rest_route=\/wp\/v2\/posts\/6216\/revisions"}],"wp:attachment":[{"href":"https:\/\/www.ticmais.pt\/index.php?rest_route=%2Fwp%2Fv2%2Fmedia&parent=6216"}],"wp:term":[{"taxonomy":"category","embeddable":true,"href":"https:\/\/www.ticmais.pt\/index.php?rest_route=%2Fwp%2Fv2%2Fcategories&post=6216"},{"taxonomy":"post_tag","embeddable":true,"href":"https:\/\/www.ticmais.pt\/index.php?rest_route=%2Fwp%2Fv2%2Ftags&post=6216"}],"curies":[{"name":"wp","href":"https:\/\/api.w.org\/{rel}","templated":true}]}}