{"id":6234,"date":"2019-09-19T00:34:44","date_gmt":"2019-09-18T23:34:44","guid":{"rendered":"https:\/\/www.ticmais.pt\/?p=6234"},"modified":"2019-09-19T00:34:44","modified_gmt":"2019-09-18T23:34:44","slug":"em-era-dos-eletricos-numero-de-carros-a-gasoleo-aumentou-em-portugal","status":"publish","type":"post","link":"https:\/\/www.ticmais.pt\/?p=6234","title":{"rendered":"Em era dos el\u00e9tricos\u2026 N\u00famero de carros a gas\u00f3leo aumentou em Portugal"},"content":{"rendered":"<p><img decoding=\"async\" class=\"alignleft\" src=\"https:\/\/www.ticmais.pt\/ticmais\/imagens\/EmeradoseltricosNmerodecarrosagasleoaumentouemPortugal.jpg\" \/><\/p>\n<div style=\"text-align: justify;\"><span>A guerra aos carros movidos a combust\u00edveis f\u00f3sseis tem vindo a ganhar for\u00e7a. No atual panorama, os h\u00edbridos ou totalmente el\u00e9tricos parecem ser a op\u00e7\u00e3o acertada.<br \/>\nN\u00fameros da Federa\u00e7\u00e3o Europeia de Transportes e Ambiente (T&amp;E) mostram um cen\u00e1rio diferente. O n\u00famero de carros a gas\u00f3leo a circular em Portugal aumentou. <a href=\"https:\/\/pplware.sapo.pt\/motores\/em-era-dos-eletricos-numero-de-carros-a-gasoleo-aumentou-em-portugal\/\">Mais&#8230;<\/a><\/span><\/div>\n","protected":false},"excerpt":{"rendered":"<p>A guerra aos carros movidos a combust\u00edveis f\u00f3sseis tem vindo a ganhar for\u00e7a. No atual panorama, os h\u00edbridos ou totalmente el\u00e9tricos parecem ser a op\u00e7\u00e3o acertada. N\u00fameros da Federa\u00e7\u00e3o Europeia de Transportes e Ambiente (T&amp;E) mostram um cen\u00e1rio diferente. O n\u00famero de carros a gas\u00f3leo a circular em Portugal aumentou. Mais&#8230;<\/p>\n","protected":false},"author":1,"featured_media":0,"comment_status":"closed","ping_status":"closed","sticky":false,"template":"","format":"standard","meta":{"footnotes":""},"categories":[15],"tags":[3437,3752,132,796],"class_list":["post-6234","post","type-post","status-publish","format-standard","hentry","category-tic-mais","tag-diesel","tag-gasoleo","tag-portugal","tag-veiculos"],"_links":{"self":[{"href":"https:\/\/www.ticmais.pt\/index.php?rest_route=\/wp\/v2\/posts\/6234","targetHints":{"allow":["GET"]}}],"collection":[{"href":"https:\/\/www.ticmais.pt\/index.php?rest_route=\/wp\/v2\/posts"}],"about":[{"href":"https:\/\/www.ticmais.pt\/index.php?rest_route=\/wp\/v2\/types\/post"}],"author":[{"embeddable":true,"href":"https:\/\/www.ticmais.pt\/index.php?rest_route=\/wp\/v2\/users\/1"}],"replies":[{"embeddable":true,"href":"https:\/\/www.ticmais.pt\/index.php?rest_route=%2Fwp%2Fv2%2Fcomments&post=6234"}],"version-history":[{"count":0,"href":"https:\/\/www.ticmais.pt\/index.php?rest_route=\/wp\/v2\/posts\/6234\/revisions"}],"wp:attachment":[{"href":"https:\/\/www.ticmais.pt\/index.php?rest_route=%2Fwp%2Fv2%2Fmedia&parent=6234"}],"wp:term":[{"taxonomy":"category","embeddable":true,"href":"https:\/\/www.ticmais.pt\/index.php?rest_route=%2Fwp%2Fv2%2Fcategories&post=6234"},{"taxonomy":"post_tag","embeddable":true,"href":"https:\/\/www.ticmais.pt\/index.php?rest_route=%2Fwp%2Fv2%2Ftags&post=6234"}],"curies":[{"name":"wp","href":"https:\/\/api.w.org\/{rel}","templated":true}]}}