{"id":6240,"date":"2019-09-21T02:33:57","date_gmt":"2019-09-21T01:33:57","guid":{"rendered":"https:\/\/www.ticmais.pt\/?p=6240"},"modified":"2019-09-22T02:35:54","modified_gmt":"2019-09-22T01:35:54","slug":"clima-porque-e-que-antonio-guterres-convoca-uma-cimeira-mundial","status":"publish","type":"post","link":"https:\/\/www.ticmais.pt\/?p=6240","title":{"rendered":"Clima. Porque \u00e9 que Ant\u00f3nio Guterres convoca uma cimeira mundial?"},"content":{"rendered":"<p><img decoding=\"async\" class=\"alignleft\" src=\"https:\/\/www.ticmais.pt\/ticmais\/imagens\/Clima.PorquequeAntnioGuterresconvocaumacimeiramundial.jpg\" \/><\/p>\n<p style=\"text-align: justify;\">A Cimeira da A\u00e7\u00e3o Clim\u00e1tica, convocada pelo secret\u00e1rio-geral das Na\u00e7\u00f5es Unidas (ONU), Ant\u00f3nio Guterres, arranca no s\u00e1bado com eventos dedicados \u00e0 participa\u00e7\u00e3o jovem e culmina na segunda-feira com uma reuni\u00e3o de l\u00edderes pol\u00edticos de todo o mundo. <a href=\"https:\/\/www.dn.pt\/vida-e-futuro\/interior\/clima-porque-e-que-antonio-guterres-convoca-uma-cimeira-mundial-11320708.html\">Mais&#8230;<\/a><\/p>\n","protected":false},"excerpt":{"rendered":"<p>A Cimeira da A\u00e7\u00e3o Clim\u00e1tica, convocada pelo secret\u00e1rio-geral das Na\u00e7\u00f5es Unidas (ONU), Ant\u00f3nio Guterres, arranca no s\u00e1bado com eventos dedicados \u00e0 participa\u00e7\u00e3o jovem e culmina na segunda-feira com uma reuni\u00e3o de l\u00edderes pol\u00edticos de todo o mundo. Mais&#8230;<\/p>\n","protected":false},"author":1,"featured_media":0,"comment_status":"closed","ping_status":"closed","sticky":false,"template":"","format":"standard","meta":{"footnotes":""},"categories":[15],"tags":[3761,563,3759,715,3760],"class_list":["post-6240","post","type-post","status-publish","format-standard","hentry","category-tic-mais","tag-antonio-guterres","tag-cimeira","tag-clima","tag-onu","tag-secretario-geral"],"_links":{"self":[{"href":"https:\/\/www.ticmais.pt\/index.php?rest_route=\/wp\/v2\/posts\/6240","targetHints":{"allow":["GET"]}}],"collection":[{"href":"https:\/\/www.ticmais.pt\/index.php?rest_route=\/wp\/v2\/posts"}],"about":[{"href":"https:\/\/www.ticmais.pt\/index.php?rest_route=\/wp\/v2\/types\/post"}],"author":[{"embeddable":true,"href":"https:\/\/www.ticmais.pt\/index.php?rest_route=\/wp\/v2\/users\/1"}],"replies":[{"embeddable":true,"href":"https:\/\/www.ticmais.pt\/index.php?rest_route=%2Fwp%2Fv2%2Fcomments&post=6240"}],"version-history":[{"count":0,"href":"https:\/\/www.ticmais.pt\/index.php?rest_route=\/wp\/v2\/posts\/6240\/revisions"}],"wp:attachment":[{"href":"https:\/\/www.ticmais.pt\/index.php?rest_route=%2Fwp%2Fv2%2Fmedia&parent=6240"}],"wp:term":[{"taxonomy":"category","embeddable":true,"href":"https:\/\/www.ticmais.pt\/index.php?rest_route=%2Fwp%2Fv2%2Fcategories&post=6240"},{"taxonomy":"post_tag","embeddable":true,"href":"https:\/\/www.ticmais.pt\/index.php?rest_route=%2Fwp%2Fv2%2Ftags&post=6240"}],"curies":[{"name":"wp","href":"https:\/\/api.w.org\/{rel}","templated":true}]}}