{"id":6241,"date":"2019-09-23T18:03:16","date_gmt":"2019-09-23T17:03:16","guid":{"rendered":"https:\/\/www.ticmais.pt\/?p=6241"},"modified":"2019-09-23T18:04:43","modified_gmt":"2019-09-23T17:04:43","slug":"camara-municipal-de-lisboa-promove-cursos-gratuitos-para-quem-ainda-nao-domina","status":"publish","type":"post","link":"https:\/\/www.ticmais.pt\/?p=6241","title":{"rendered":"C\u00e2mara Municipal de Lisboa promove cursos gratuitos para quem ainda n\u00e3o \u201cdomina\u201d"},"content":{"rendered":"<p><img decoding=\"async\" class=\"alignleft\" src=\"https:\/\/www.ticmais.pt\/ticmais\/imagens\/CmaraMunicipaldeLisboapromovecursosgratuitosparaquemaindanodomina.jpg\" \/><\/p>\n<div style=\"text-align: justify;\">Cursos pr\u00e1ticos, gratuitos e de curta dura\u00e7\u00e3o sobre inclus\u00e3o e literacia digital. \u00c9 isto que a C\u00e2mara Municipal de Lisboa (CML) tem para oferecer a partir de 30 setembro at\u00e9 janeiro de 2020, a todas as pessoas com mais de 15 anos de idade com pouco dom\u00ednio de compet\u00eancias digitais b\u00e1sicas. As forma\u00e7\u00f5es v\u00e3o decorrer em cinco espa\u00e7os, no Edif\u00edcio Central do Campo Grande, na Biblioteca de Marvila, Biblioteca Orlando Ribeiro, Biblioteca dos Coruch\u00e9us e Junta de Freguesia das Avenidas Novas. <a href=\"https:\/\/tek.sapo.pt\/expert\/artigos\/camara-municipal-de-lisboa-promove-cursos-gratuitos-para-quem-ainda-nao-domina-o-mundo-digital\">Mais&#8230;<\/a><\/div>\n","protected":false},"excerpt":{"rendered":"<p>Cursos pr\u00e1ticos, gratuitos e de curta dura\u00e7\u00e3o sobre inclus\u00e3o e literacia digital. \u00c9 isto que a C\u00e2mara Municipal de Lisboa (CML) tem para oferecer a partir de 30 setembro at\u00e9 janeiro de 2020, a todas as pessoas com mais de 15 anos de idade com pouco dom\u00ednio de compet\u00eancias digitais b\u00e1sicas. As forma\u00e7\u00f5es v\u00e3o decorrer [&hellip;]<\/p>\n","protected":false},"author":1,"featured_media":0,"comment_status":"closed","ping_status":"closed","sticky":false,"template":"","format":"standard","meta":{"footnotes":""},"categories":[15],"tags":[36,1738,1274,2698,8,131],"class_list":["post-6241","post","type-post","status-publish","format-standard","hentry","category-tic-mais","tag-camaras-municipais","tag-cursos","tag-gratuitos","tag-iliteracia-digital","tag-inclusao-digital","tag-lisboa"],"_links":{"self":[{"href":"https:\/\/www.ticmais.pt\/index.php?rest_route=\/wp\/v2\/posts\/6241","targetHints":{"allow":["GET"]}}],"collection":[{"href":"https:\/\/www.ticmais.pt\/index.php?rest_route=\/wp\/v2\/posts"}],"about":[{"href":"https:\/\/www.ticmais.pt\/index.php?rest_route=\/wp\/v2\/types\/post"}],"author":[{"embeddable":true,"href":"https:\/\/www.ticmais.pt\/index.php?rest_route=\/wp\/v2\/users\/1"}],"replies":[{"embeddable":true,"href":"https:\/\/www.ticmais.pt\/index.php?rest_route=%2Fwp%2Fv2%2Fcomments&post=6241"}],"version-history":[{"count":0,"href":"https:\/\/www.ticmais.pt\/index.php?rest_route=\/wp\/v2\/posts\/6241\/revisions"}],"wp:attachment":[{"href":"https:\/\/www.ticmais.pt\/index.php?rest_route=%2Fwp%2Fv2%2Fmedia&parent=6241"}],"wp:term":[{"taxonomy":"category","embeddable":true,"href":"https:\/\/www.ticmais.pt\/index.php?rest_route=%2Fwp%2Fv2%2Fcategories&post=6241"},{"taxonomy":"post_tag","embeddable":true,"href":"https:\/\/www.ticmais.pt\/index.php?rest_route=%2Fwp%2Fv2%2Ftags&post=6241"}],"curies":[{"name":"wp","href":"https:\/\/api.w.org\/{rel}","templated":true}]}}