{"id":6258,"date":"2019-10-04T00:18:01","date_gmt":"2019-10-03T23:18:01","guid":{"rendered":"https:\/\/www.ticmais.pt\/?p=6258"},"modified":"2019-10-04T01:48:07","modified_gmt":"2019-10-04T00:48:07","slug":"todas-as-compras-extra-comunitarias-vao-parar-na-alfandega-a-partir-de-2021","status":"publish","type":"post","link":"https:\/\/www.ticmais.pt\/?p=6258","title":{"rendered":"Todas as compras extra-comunit\u00e1rias v\u00e3o parar na Alf\u00e2ndega a partir de 2021"},"content":{"rendered":"<p><img decoding=\"async\" class=\"alignleft\" src=\"https:\/\/www.ticmais.pt\/ticmais\/imagens\/Todasascomprasextra-comunitriasvopararnaAlfndegaapartirde2021.jpg\" \/><\/p>\n<div style=\"text-align: justify;\">Quem compra online, em sites de China e n\u00e3o s\u00f3, conhece bem o \u201climite\u201d dos 22\u20ac. Este \u00e9, atualmente, o valor que nos permite escapar a burocracias na Alf\u00e2ndega. No entanto, foram hoje reveladas altera\u00e7\u00f5es. A partir de 2021, a isen\u00e7\u00e3o de IVA para compras at\u00e9 22 \u20ac vai desaparecer.<br \/>\nNum comunicado publicado pela Comiss\u00e3o Europeia pode ler-se, no entanto, que todo o processo ser\u00e1 menos burocr\u00e1tico. <a href=\"https:\/\/pplware.sapo.pt\/informacao\/compras-extra-comunitarias-alfandega\/\">Mais&#8230;<\/a><\/div>\n","protected":false},"excerpt":{"rendered":"<p>Quem compra online, em sites de China e n\u00e3o s\u00f3, conhece bem o \u201climite\u201d dos 22\u20ac. Este \u00e9, atualmente, o valor que nos permite escapar a burocracias na Alf\u00e2ndega. No entanto, foram hoje reveladas altera\u00e7\u00f5es. A partir de 2021, a isen\u00e7\u00e3o de IVA para compras at\u00e9 22 \u20ac vai desaparecer. Num comunicado publicado pela Comiss\u00e3o [&hellip;]<\/p>\n","protected":false},"author":1,"featured_media":0,"comment_status":"closed","ping_status":"closed","sticky":false,"template":"","format":"standard","meta":{"footnotes":""},"categories":[15],"tags":[3778,1929,179,1541],"class_list":["post-6258","post","type-post","status-publish","format-standard","hentry","category-tic-mais","tag-alfandega","tag-comissao-europeia","tag-compras-online","tag-iva"],"_links":{"self":[{"href":"https:\/\/www.ticmais.pt\/index.php?rest_route=\/wp\/v2\/posts\/6258","targetHints":{"allow":["GET"]}}],"collection":[{"href":"https:\/\/www.ticmais.pt\/index.php?rest_route=\/wp\/v2\/posts"}],"about":[{"href":"https:\/\/www.ticmais.pt\/index.php?rest_route=\/wp\/v2\/types\/post"}],"author":[{"embeddable":true,"href":"https:\/\/www.ticmais.pt\/index.php?rest_route=\/wp\/v2\/users\/1"}],"replies":[{"embeddable":true,"href":"https:\/\/www.ticmais.pt\/index.php?rest_route=%2Fwp%2Fv2%2Fcomments&post=6258"}],"version-history":[{"count":0,"href":"https:\/\/www.ticmais.pt\/index.php?rest_route=\/wp\/v2\/posts\/6258\/revisions"}],"wp:attachment":[{"href":"https:\/\/www.ticmais.pt\/index.php?rest_route=%2Fwp%2Fv2%2Fmedia&parent=6258"}],"wp:term":[{"taxonomy":"category","embeddable":true,"href":"https:\/\/www.ticmais.pt\/index.php?rest_route=%2Fwp%2Fv2%2Fcategories&post=6258"},{"taxonomy":"post_tag","embeddable":true,"href":"https:\/\/www.ticmais.pt\/index.php?rest_route=%2Fwp%2Fv2%2Ftags&post=6258"}],"curies":[{"name":"wp","href":"https:\/\/api.w.org\/{rel}","templated":true}]}}