{"id":6259,"date":"2019-10-09T02:25:19","date_gmt":"2019-10-09T01:25:19","guid":{"rendered":"https:\/\/www.ticmais.pt\/?p=6259"},"modified":"2019-10-09T02:41:02","modified_gmt":"2019-10-09T01:41:02","slug":"anacom-aprova-plano-de-migracao-da-rede-tdt-para-libertar-faixa-de-700-mhz-para-implementacao-do-5g","status":"publish","type":"post","link":"https:\/\/www.ticmais.pt\/?p=6259","title":{"rendered":"Anacom: migra\u00e7\u00e3o da TDT arranca em janeiro e termina em junho"},"content":{"rendered":"<p><img decoding=\"async\" class=\"alignleft\" src=\"https:\/\/www.ticmais.pt\/ticmais\/imagens\/AnacommigraodaTDTarrancaemjaneiroeterminaemjunho.jpg\" \/><\/p>\n<div style=\"text-align: justify;\"><span><strong>A Anacom recorda que n\u00e3o ser\u00e1 necess\u00e1rio reorientar as antenas de TV para captar os novos canais da TDT.<\/strong><br \/>\nA Autoridade Nacional das Comunica\u00e7\u00f5es (Anacom) acaba de anunciar a aprova\u00e7\u00e3o do novo plano de migra\u00e7\u00e3o de frequ\u00eancias das emiss\u00f5es de TV Digital Terrestre (TDT) para Portugal Continental e arquip\u00e9lagos dos A\u00e7ores e Madeira.<\/span> <a href=\"http:\/\/exameinformatica.sapo.pt\/noticias\/mercados\/2019-10-08-Anacom-migracao-da-TDT-arranca-em-janeiro-e-termina-em-junho\">Mais&#8230;<\/a><\/div>\n","protected":false},"excerpt":{"rendered":"<p>A Anacom recorda que n\u00e3o ser\u00e1 necess\u00e1rio reorientar as antenas de TV para captar os novos canais da TDT. A Autoridade Nacional das Comunica\u00e7\u00f5es (Anacom) acaba de anunciar a aprova\u00e7\u00e3o do novo plano de migra\u00e7\u00e3o de frequ\u00eancias das emiss\u00f5es de TV Digital Terrestre (TDT) para Portugal Continental e arquip\u00e9lagos dos A\u00e7ores e Madeira. Mais&#8230;<\/p>\n","protected":false},"author":1,"featured_media":0,"comment_status":"closed","ping_status":"closed","sticky":false,"template":"","format":"standard","meta":{"footnotes":""},"categories":[15],"tags":[2701,3779,413,219,181],"class_list":["post-6259","post","type-post","status-publish","format-standard","hentry","category-tic-mais","tag-5g","tag-altice-portugal","tag-anacom","tag-meo","tag-tdt"],"_links":{"self":[{"href":"https:\/\/www.ticmais.pt\/index.php?rest_route=\/wp\/v2\/posts\/6259","targetHints":{"allow":["GET"]}}],"collection":[{"href":"https:\/\/www.ticmais.pt\/index.php?rest_route=\/wp\/v2\/posts"}],"about":[{"href":"https:\/\/www.ticmais.pt\/index.php?rest_route=\/wp\/v2\/types\/post"}],"author":[{"embeddable":true,"href":"https:\/\/www.ticmais.pt\/index.php?rest_route=\/wp\/v2\/users\/1"}],"replies":[{"embeddable":true,"href":"https:\/\/www.ticmais.pt\/index.php?rest_route=%2Fwp%2Fv2%2Fcomments&post=6259"}],"version-history":[{"count":0,"href":"https:\/\/www.ticmais.pt\/index.php?rest_route=\/wp\/v2\/posts\/6259\/revisions"}],"wp:attachment":[{"href":"https:\/\/www.ticmais.pt\/index.php?rest_route=%2Fwp%2Fv2%2Fmedia&parent=6259"}],"wp:term":[{"taxonomy":"category","embeddable":true,"href":"https:\/\/www.ticmais.pt\/index.php?rest_route=%2Fwp%2Fv2%2Fcategories&post=6259"},{"taxonomy":"post_tag","embeddable":true,"href":"https:\/\/www.ticmais.pt\/index.php?rest_route=%2Fwp%2Fv2%2Ftags&post=6259"}],"curies":[{"name":"wp","href":"https:\/\/api.w.org\/{rel}","templated":true}]}}