{"id":6265,"date":"2019-10-16T01:07:00","date_gmt":"2019-10-16T00:07:00","guid":{"rendered":"https:\/\/www.ticmais.pt\/?p=6265"},"modified":"2019-10-16T01:09:02","modified_gmt":"2019-10-16T00:09:02","slug":"ministerio-da-economia-passa-a-ser-tambem-da-transicao-digital","status":"publish","type":"post","link":"https:\/\/www.ticmais.pt\/?p=6265","title":{"rendered":"Minist\u00e9rio da Economia passa a ser tamb\u00e9m da Transi\u00e7\u00e3o Digital"},"content":{"rendered":"<p><img decoding=\"async\" class=\"alignleft\" src=\"https:\/\/www.ticmais.pt\/ticmais\/imagens\/MinistriodaEconomiapassaasertambmdaTransioDigital.jpg\" \/><\/p>\n<div style=\"text-align: justify;\">H\u00e1 uma nova \u201cpasta\u201d no Governo em Portugal: a da Transi\u00e7\u00e3o Digital e que vai ficar a cargo de Pedro Siza Vieira. A nova \u00e1rea passa a fazer parte do sector da economia, dando origem ao Minist\u00e9rio da Economia e da Transi\u00e7\u00e3o Digital. A novidade foi conhecida nesta ter\u00e7a-feira ao in\u00edcio da noite, depois de Marcelo Rebelo de Sousa, Presidente da Rep\u00fablica, ter aprovado os 19 nomes que comp\u00f5e o XXII Governo Constitucional. <a href=\"http:\/\/exameinformatica.sapo.pt\/noticias\/mercados\/2019-10-15-Ministerio-da-Economia-passa-a-ser-tambem-da-Transicao-Digital\">Mais&#8230;<\/a><\/div>\n","protected":false},"excerpt":{"rendered":"<p>H\u00e1 uma nova \u201cpasta\u201d no Governo em Portugal: a da Transi\u00e7\u00e3o Digital e que vai ficar a cargo de Pedro Siza Vieira. A nova \u00e1rea passa a fazer parte do sector da economia, dando origem ao Minist\u00e9rio da Economia e da Transi\u00e7\u00e3o Digital. A novidade foi conhecida nesta ter\u00e7a-feira ao in\u00edcio da noite, depois de [&hellip;]<\/p>\n","protected":false},"author":1,"featured_media":0,"comment_status":"closed","ping_status":"closed","sticky":false,"template":"","format":"standard","meta":{"footnotes":""},"categories":[15],"tags":[121,3785,132,3786],"class_list":["post-6265","post","type-post","status-publish","format-standard","hentry","category-tic-mais","tag-governo","tag-ministerios","tag-portugal","tag-transicao-digital"],"_links":{"self":[{"href":"https:\/\/www.ticmais.pt\/index.php?rest_route=\/wp\/v2\/posts\/6265","targetHints":{"allow":["GET"]}}],"collection":[{"href":"https:\/\/www.ticmais.pt\/index.php?rest_route=\/wp\/v2\/posts"}],"about":[{"href":"https:\/\/www.ticmais.pt\/index.php?rest_route=\/wp\/v2\/types\/post"}],"author":[{"embeddable":true,"href":"https:\/\/www.ticmais.pt\/index.php?rest_route=\/wp\/v2\/users\/1"}],"replies":[{"embeddable":true,"href":"https:\/\/www.ticmais.pt\/index.php?rest_route=%2Fwp%2Fv2%2Fcomments&post=6265"}],"version-history":[{"count":0,"href":"https:\/\/www.ticmais.pt\/index.php?rest_route=\/wp\/v2\/posts\/6265\/revisions"}],"wp:attachment":[{"href":"https:\/\/www.ticmais.pt\/index.php?rest_route=%2Fwp%2Fv2%2Fmedia&parent=6265"}],"wp:term":[{"taxonomy":"category","embeddable":true,"href":"https:\/\/www.ticmais.pt\/index.php?rest_route=%2Fwp%2Fv2%2Fcategories&post=6265"},{"taxonomy":"post_tag","embeddable":true,"href":"https:\/\/www.ticmais.pt\/index.php?rest_route=%2Fwp%2Fv2%2Ftags&post=6265"}],"curies":[{"name":"wp","href":"https:\/\/api.w.org\/{rel}","templated":true}]}}