{"id":6268,"date":"2019-10-17T01:07:22","date_gmt":"2019-10-17T00:07:22","guid":{"rendered":"https:\/\/www.ticmais.pt\/?p=6268"},"modified":"2019-10-17T01:08:26","modified_gmt":"2019-10-17T00:08:26","slug":"maior-central-solar-fotovoltaica-da-europa-ja-foi-inaugurada","status":"publish","type":"post","link":"https:\/\/www.ticmais.pt\/?p=6268","title":{"rendered":"Maior central solar fotovoltaica da Europa j\u00e1 foi inaugurada"},"content":{"rendered":"<p><img decoding=\"async\" class=\"alignleft\" src=\"https:\/\/www.ticmais.pt\/ticmais\/imagens\/MaiorcentralsolarfotovoltaicadaEuropajfoiinaugurada.jpg\" \/><\/p>\n<div style=\"text-align: justify;\">Espanha inaugura no munic\u00edpio de M\u00farcia a maior central solar fotovoltaica existente na Europa<br \/>\nCentral solar fotovoltaica instalada em Mula (munic\u00edpio de M\u00farcia), com 494MW de pot\u00eancia, gerida pela Northleaf, \u00e9 a maior da Europa sendo j\u00e1 uma realidade de onde se espera grandes produ\u00e7\u00f5es de energia fotovoltaica. <a href=\"https:\/\/www.portal-energia.com\/maior-central-solar-fotovoltaica-europa-147920\/\">Mais&#8230;<\/a><\/div>\n","protected":false},"excerpt":{"rendered":"<p>Espanha inaugura no munic\u00edpio de M\u00farcia a maior central solar fotovoltaica existente na Europa Central solar fotovoltaica instalada em Mula (munic\u00edpio de M\u00farcia), com 494MW de pot\u00eancia, gerida pela Northleaf, \u00e9 a maior da Europa sendo j\u00e1 uma realidade de onde se espera grandes produ\u00e7\u00f5es de energia fotovoltaica. Mais&#8230;<\/p>\n","protected":false},"author":1,"featured_media":0,"comment_status":"closed","ping_status":"closed","sticky":false,"template":"","format":"standard","meta":{"footnotes":""},"categories":[15],"tags":[1699,151,559,2516,3791],"class_list":["post-6268","post","type-post","status-publish","format-standard","hentry","category-tic-mais","tag-central-solar","tag-espanha","tag-europa","tag-maior","tag-murcia"],"_links":{"self":[{"href":"https:\/\/www.ticmais.pt\/index.php?rest_route=\/wp\/v2\/posts\/6268","targetHints":{"allow":["GET"]}}],"collection":[{"href":"https:\/\/www.ticmais.pt\/index.php?rest_route=\/wp\/v2\/posts"}],"about":[{"href":"https:\/\/www.ticmais.pt\/index.php?rest_route=\/wp\/v2\/types\/post"}],"author":[{"embeddable":true,"href":"https:\/\/www.ticmais.pt\/index.php?rest_route=\/wp\/v2\/users\/1"}],"replies":[{"embeddable":true,"href":"https:\/\/www.ticmais.pt\/index.php?rest_route=%2Fwp%2Fv2%2Fcomments&post=6268"}],"version-history":[{"count":0,"href":"https:\/\/www.ticmais.pt\/index.php?rest_route=\/wp\/v2\/posts\/6268\/revisions"}],"wp:attachment":[{"href":"https:\/\/www.ticmais.pt\/index.php?rest_route=%2Fwp%2Fv2%2Fmedia&parent=6268"}],"wp:term":[{"taxonomy":"category","embeddable":true,"href":"https:\/\/www.ticmais.pt\/index.php?rest_route=%2Fwp%2Fv2%2Fcategories&post=6268"},{"taxonomy":"post_tag","embeddable":true,"href":"https:\/\/www.ticmais.pt\/index.php?rest_route=%2Fwp%2Fv2%2Ftags&post=6268"}],"curies":[{"name":"wp","href":"https:\/\/api.w.org\/{rel}","templated":true}]}}