{"id":6274,"date":"2019-11-04T23:34:00","date_gmt":"2019-11-04T22:34:00","guid":{"rendered":"https:\/\/www.ticmais.pt\/?p=6274"},"modified":"2019-11-04T23:35:57","modified_gmt":"2019-11-04T22:35:57","slug":"vai-ser-possivel-transformar-a-luz-infra-vermelha-do-sol-em-energia","status":"publish","type":"post","link":"https:\/\/www.ticmais.pt\/?p=6274","title":{"rendered":"Vai ser poss\u00edvel transformar a luz infra-vermelha do sol em energia!"},"content":{"rendered":"<p><img decoding=\"async\" class=\"alignleft\" src=\"https:\/\/www.ticmais.pt\/ticmais\/imagens\/Vaiserpossveltransformaraluzinfra-vermelhadosolemenergia.jpg\" \/><\/p>\n<div style=\"text-align: justify;\">Pain\u00e9is solares mais eficientes? Vai ser poss\u00edvel transformar a luz infra-vermelha do sol em energia! \u2013 Caso n\u00e3o saiba, a luz infra-vermelha (n\u00e3o vis\u00edvel para o olho humano) chega quase aos 50% de toda a radia\u00e7\u00e3o solar que chega ao nosso planeta\u2026 No entanto, n\u00e3o temos sido muito bons a aproveitar esta luz, com os nossos cada vez mais populares pain\u00e9is solares. <a href=\"https:\/\/www.leak.pt\/vai-ser-possivel-transformar-a-luz-infra-vermelha-do-sol-em-energia\/\">Mais&#8230;<\/a><\/div>\n","protected":false},"excerpt":{"rendered":"<p>Pain\u00e9is solares mais eficientes? Vai ser poss\u00edvel transformar a luz infra-vermelha do sol em energia! \u2013 Caso n\u00e3o saiba, a luz infra-vermelha (n\u00e3o vis\u00edvel para o olho humano) chega quase aos 50% de toda a radia\u00e7\u00e3o solar que chega ao nosso planeta\u2026 No entanto, n\u00e3o temos sido muito bons a aproveitar esta luz, com os [&hellip;]<\/p>\n","protected":false},"author":1,"featured_media":0,"comment_status":"closed","ping_status":"closed","sticky":false,"template":"","format":"standard","meta":{"footnotes":""},"categories":[15],"tags":[38,2368,3795,3794,921],"class_list":["post-6274","post","type-post","status-publish","format-standard","hentry","category-tic-mais","tag-energia-solar","tag-investigadores","tag-kth-royal-institute-of-technology","tag-luz-infra-vermelha","tag-paineis-solares"],"_links":{"self":[{"href":"https:\/\/www.ticmais.pt\/index.php?rest_route=\/wp\/v2\/posts\/6274","targetHints":{"allow":["GET"]}}],"collection":[{"href":"https:\/\/www.ticmais.pt\/index.php?rest_route=\/wp\/v2\/posts"}],"about":[{"href":"https:\/\/www.ticmais.pt\/index.php?rest_route=\/wp\/v2\/types\/post"}],"author":[{"embeddable":true,"href":"https:\/\/www.ticmais.pt\/index.php?rest_route=\/wp\/v2\/users\/1"}],"replies":[{"embeddable":true,"href":"https:\/\/www.ticmais.pt\/index.php?rest_route=%2Fwp%2Fv2%2Fcomments&post=6274"}],"version-history":[{"count":0,"href":"https:\/\/www.ticmais.pt\/index.php?rest_route=\/wp\/v2\/posts\/6274\/revisions"}],"wp:attachment":[{"href":"https:\/\/www.ticmais.pt\/index.php?rest_route=%2Fwp%2Fv2%2Fmedia&parent=6274"}],"wp:term":[{"taxonomy":"category","embeddable":true,"href":"https:\/\/www.ticmais.pt\/index.php?rest_route=%2Fwp%2Fv2%2Fcategories&post=6274"},{"taxonomy":"post_tag","embeddable":true,"href":"https:\/\/www.ticmais.pt\/index.php?rest_route=%2Fwp%2Fv2%2Ftags&post=6274"}],"curies":[{"name":"wp","href":"https:\/\/api.w.org\/{rel}","templated":true}]}}