{"id":6311,"date":"2020-01-10T02:17:39","date_gmt":"2020-01-10T01:17:39","guid":{"rendered":"https:\/\/www.ticmais.pt\/?p=6311"},"modified":"2020-01-10T02:19:37","modified_gmt":"2020-01-10T01:19:37","slug":"profissionais-de-ti-deverao-ser-dos-mais-procurados-em-2020-e-a-previsao-aponta-para-crescimento-dos-salarios","status":"publish","type":"post","link":"https:\/\/www.ticmais.pt\/?p=6311","title":{"rendered":"Profissionais de TI dever\u00e3o ser dos mais procurados em 2020 e a previs\u00e3o aponta para crescimento dos sal\u00e1rios"},"content":{"rendered":"<p><img decoding=\"async\" class=\"alignleft\" src=\"https:\/\/www.ticmais.pt\/ticmais\/imagens\/ProfissionaisdeTIdeveroserdosmaisprocuradosem2020eaprevisoapontaparacrescimentodossalrios.jpg\" \/><\/p>\n<div style=\"text-align: justify;\">Neste novo ano, a especialista em recrutamento de profissionais especializados Hays d\u00e1 a conhecer as profiss\u00f5es mais procuradas e os sal\u00e1rios pagos em 2020 em mais uma edi\u00e7\u00e3o do Guia do Mercado Laboral. Com a mesma percentagem dos comerciais, 30%, surgem os profissionais ligados \u00e0 \u00e1rea de tecnologias de informa\u00e7\u00e3o (TI), com a previs\u00e3o a indicar que os sal\u00e1rios nesta \u00e1rea dever\u00e3o aumentar. <a href=\"https:\/\/tek.sapo.pt\/noticias\/negocios\/artigos\/profissionais-de-ti-deverao-ser-dos-mais-procurados-em-2020-e-a-previsao-aponta-para-crescimento-dos-salarios\">Mais&#8230;<\/a><\/div>\n","protected":false},"excerpt":{"rendered":"<p>Neste novo ano, a especialista em recrutamento de profissionais especializados Hays d\u00e1 a conhecer as profiss\u00f5es mais procuradas e os sal\u00e1rios pagos em 2020 em mais uma edi\u00e7\u00e3o do Guia do Mercado Laboral. Com a mesma percentagem dos comerciais, 30%, surgem os profissionais ligados \u00e0 \u00e1rea de tecnologias de informa\u00e7\u00e3o (TI), com a previs\u00e3o a [&hellip;]<\/p>\n","protected":false},"author":1,"featured_media":0,"comment_status":"closed","ping_status":"closed","sticky":false,"template":"","format":"standard","meta":{"footnotes":""},"categories":[15],"tags":[134,3827,3826,421,2247],"class_list":["post-6311","post","type-post","status-publish","format-standard","hentry","category-tic-mais","tag-emprego","tag-hays","tag-profissionais","tag-salarios","tag-ti"],"_links":{"self":[{"href":"https:\/\/www.ticmais.pt\/index.php?rest_route=\/wp\/v2\/posts\/6311","targetHints":{"allow":["GET"]}}],"collection":[{"href":"https:\/\/www.ticmais.pt\/index.php?rest_route=\/wp\/v2\/posts"}],"about":[{"href":"https:\/\/www.ticmais.pt\/index.php?rest_route=\/wp\/v2\/types\/post"}],"author":[{"embeddable":true,"href":"https:\/\/www.ticmais.pt\/index.php?rest_route=\/wp\/v2\/users\/1"}],"replies":[{"embeddable":true,"href":"https:\/\/www.ticmais.pt\/index.php?rest_route=%2Fwp%2Fv2%2Fcomments&post=6311"}],"version-history":[{"count":0,"href":"https:\/\/www.ticmais.pt\/index.php?rest_route=\/wp\/v2\/posts\/6311\/revisions"}],"wp:attachment":[{"href":"https:\/\/www.ticmais.pt\/index.php?rest_route=%2Fwp%2Fv2%2Fmedia&parent=6311"}],"wp:term":[{"taxonomy":"category","embeddable":true,"href":"https:\/\/www.ticmais.pt\/index.php?rest_route=%2Fwp%2Fv2%2Fcategories&post=6311"},{"taxonomy":"post_tag","embeddable":true,"href":"https:\/\/www.ticmais.pt\/index.php?rest_route=%2Fwp%2Fv2%2Ftags&post=6311"}],"curies":[{"name":"wp","href":"https:\/\/api.w.org\/{rel}","templated":true}]}}