{"id":6315,"date":"2020-01-27T00:20:05","date_gmt":"2020-01-26T23:20:05","guid":{"rendered":"https:\/\/www.ticmais.pt\/?p=6315"},"modified":"2020-03-25T22:16:40","modified_gmt":"2020-03-25T21:16:40","slug":"inacreditavel-afinal-os-portugueses-usam-pouco-a-internet","status":"publish","type":"post","link":"https:\/\/www.ticmais.pt\/?p=6315","title":{"rendered":"Inacredit\u00e1vel: Afinal os portugueses usam pouco a internet!"},"content":{"rendered":"<p><img decoding=\"async\" class=\"alignleft\" src=\"https:\/\/www.ticmais.pt\/ticmais\/imagens\/InacreditvelAfinalosportuguesesusampoucoainternet.jpg\" \/><\/p>\n<div>A internet \u00e9 hoje uma necessidade e h\u00e1 at\u00e9 quem diga que devia at\u00e9 fazer parte da Pir\u00e2mide de Maslow! Aparentemente a sociedade est\u00e1 constantemente ligada \u00e0 rede, mas segundo dados, parece que em Portugal n\u00e3o se usa assim tanto!<br \/>\nDe acordo com um relat\u00f3rio da Eurostat, o nosso pa\u00eds \u00e9 dos que menos utiliza a internet. Afinal o que fazem os portugueses? <a href=\"https:\/\/pplware.sapo.pt\/internet\/inacreditavel-afinal-os-portugueses-usam-pouco-a-internet\/\">Mais&#8230;<\/a><\/div>\n","protected":false},"excerpt":{"rendered":"<p>A internet \u00e9 hoje uma necessidade e h\u00e1 at\u00e9 quem diga que devia at\u00e9 fazer parte da Pir\u00e2mide de Maslow! Aparentemente a sociedade est\u00e1 constantemente ligada \u00e0 rede, mas segundo dados, parece que em Portugal n\u00e3o se usa assim tanto! De acordo com um relat\u00f3rio da Eurostat, o nosso pa\u00eds \u00e9 dos que menos utiliza [&hellip;]<\/p>\n","protected":false},"author":1,"featured_media":0,"comment_status":"closed","ping_status":"closed","sticky":false,"template":"","format":"standard","meta":{"footnotes":""},"categories":[15],"tags":[570,2698,2130,34,2047,132,716,99],"class_list":["post-6315","post","type-post","status-publish","format-standard","hentry","category-tic-mais","tag-eurostat","tag-iliteracia-digital","tag-infoexclusao","tag-internet","tag-paises","tag-portugal","tag-ranking","tag-uniao-europeia"],"_links":{"self":[{"href":"https:\/\/www.ticmais.pt\/index.php?rest_route=\/wp\/v2\/posts\/6315","targetHints":{"allow":["GET"]}}],"collection":[{"href":"https:\/\/www.ticmais.pt\/index.php?rest_route=\/wp\/v2\/posts"}],"about":[{"href":"https:\/\/www.ticmais.pt\/index.php?rest_route=\/wp\/v2\/types\/post"}],"author":[{"embeddable":true,"href":"https:\/\/www.ticmais.pt\/index.php?rest_route=\/wp\/v2\/users\/1"}],"replies":[{"embeddable":true,"href":"https:\/\/www.ticmais.pt\/index.php?rest_route=%2Fwp%2Fv2%2Fcomments&post=6315"}],"version-history":[{"count":0,"href":"https:\/\/www.ticmais.pt\/index.php?rest_route=\/wp\/v2\/posts\/6315\/revisions"}],"wp:attachment":[{"href":"https:\/\/www.ticmais.pt\/index.php?rest_route=%2Fwp%2Fv2%2Fmedia&parent=6315"}],"wp:term":[{"taxonomy":"category","embeddable":true,"href":"https:\/\/www.ticmais.pt\/index.php?rest_route=%2Fwp%2Fv2%2Fcategories&post=6315"},{"taxonomy":"post_tag","embeddable":true,"href":"https:\/\/www.ticmais.pt\/index.php?rest_route=%2Fwp%2Fv2%2Ftags&post=6315"}],"curies":[{"name":"wp","href":"https:\/\/api.w.org\/{rel}","templated":true}]}}