{"id":6322,"date":"2020-02-17T23:21:17","date_gmt":"2020-02-17T22:21:17","guid":{"rendered":"https:\/\/www.ticmais.pt\/?p=6322"},"modified":"2020-02-17T23:22:22","modified_gmt":"2020-02-17T22:22:22","slug":"apenas-151-entidades-publicas-ativaram-fatura-eletronica-mas-portugal-e-lider-na-europa","status":"publish","type":"post","link":"https:\/\/www.ticmais.pt\/?p=6322","title":{"rendered":"Apenas 151 entidades p\u00fablicas ativaram fatura eletr\u00f3nica. Mas Portugal \u00e9 l\u00edder na Europa"},"content":{"rendered":"<p><img decoding=\"async\" class=\"alignleft\" src=\"https:\/\/www.ticmais.pt\/ticmais\/imagens\/Apenas151entidadespblicasativaramfaturaeletrnica.MasPortugalldernaEuropa.jpg\" \/><\/p>\n<div style=\"text-align: justify;\">Faltam dois meses para o fim do tempo limite imposto pelo Governo para as empresas com mais de 250 empregados transformarem a sua fatura\u00e7\u00e3o em papel para um sistema eletr\u00f3nico. Segundo refere a SERES, apesar da obrigatoriedade arrancar a 18 de abril, \u00e9 o pr\u00f3prio Estado a \u201cn\u00e3o dar o exemplo\u201d, revelando que apenas 151 entidades p\u00fablicas portuguesas ativaram o sistema eletr\u00f3nico, a maioria continua a emitir e a processar em papel. <a href=\"https:\/\/tek.sapo.pt\/noticias\/negocios\/artigos\/apenas-151-entidades-publicas-ativaram-fatura-eletronica-mas-portugal-e-lider-na-europa\">Mais&#8230;<\/a><\/div>\n","protected":false},"excerpt":{"rendered":"<p>Faltam dois meses para o fim do tempo limite imposto pelo Governo para as empresas com mais de 250 empregados transformarem a sua fatura\u00e7\u00e3o em papel para um sistema eletr\u00f3nico. Segundo refere a SERES, apesar da obrigatoriedade arrancar a 18 de abril, \u00e9 o pr\u00f3prio Estado a \u201cn\u00e3o dar o exemplo\u201d, revelando que apenas 151 [&hellip;]<\/p>\n","protected":false},"author":1,"featured_media":0,"comment_status":"closed","ping_status":"closed","sticky":false,"template":"","format":"standard","meta":{"footnotes":""},"categories":[15],"tags":[564,1222,3649,9,132],"class_list":["post-6322","post","type-post","status-publish","format-standard","hentry","category-tic-mais","tag-administracao-publica","tag-empresas","tag-fatura-electronica","tag-modernizacao-administrativa","tag-portugal"],"_links":{"self":[{"href":"https:\/\/www.ticmais.pt\/index.php?rest_route=\/wp\/v2\/posts\/6322","targetHints":{"allow":["GET"]}}],"collection":[{"href":"https:\/\/www.ticmais.pt\/index.php?rest_route=\/wp\/v2\/posts"}],"about":[{"href":"https:\/\/www.ticmais.pt\/index.php?rest_route=\/wp\/v2\/types\/post"}],"author":[{"embeddable":true,"href":"https:\/\/www.ticmais.pt\/index.php?rest_route=\/wp\/v2\/users\/1"}],"replies":[{"embeddable":true,"href":"https:\/\/www.ticmais.pt\/index.php?rest_route=%2Fwp%2Fv2%2Fcomments&post=6322"}],"version-history":[{"count":0,"href":"https:\/\/www.ticmais.pt\/index.php?rest_route=\/wp\/v2\/posts\/6322\/revisions"}],"wp:attachment":[{"href":"https:\/\/www.ticmais.pt\/index.php?rest_route=%2Fwp%2Fv2%2Fmedia&parent=6322"}],"wp:term":[{"taxonomy":"category","embeddable":true,"href":"https:\/\/www.ticmais.pt\/index.php?rest_route=%2Fwp%2Fv2%2Fcategories&post=6322"},{"taxonomy":"post_tag","embeddable":true,"href":"https:\/\/www.ticmais.pt\/index.php?rest_route=%2Fwp%2Fv2%2Ftags&post=6322"}],"curies":[{"name":"wp","href":"https:\/\/api.w.org\/{rel}","templated":true}]}}