{"id":6325,"date":"2020-02-19T22:14:44","date_gmt":"2020-02-19T21:14:44","guid":{"rendered":"https:\/\/www.ticmais.pt\/?p=6325"},"modified":"2020-02-20T02:17:05","modified_gmt":"2020-02-20T01:17:05","slug":"alunos-do-ensino-profissional-vao-poder-entrar-no-ensino-superior-sem-exames-nacionais","status":"publish","type":"post","link":"https:\/\/www.ticmais.pt\/?p=6325","title":{"rendered":"Alunos do ensino profissional v\u00e3o poder entrar no ensino superior sem exames nacionais"},"content":{"rendered":"<p><img decoding=\"async\" class=\"alignleft\" src=\"https:\/\/www.ticmais.pt\/ticmais\/imagens\/Alunosdoensinoprofissionalvopoderentrarnoensinosuperiorsemexamesnacionais.jpg\" \/><\/p>\n<div style=\"text-align: justify;\">O ministro da Ci\u00eancia, Tecnologia e Ensino Superior, Manuel Heitor, anunciou que os estudantes que terminem um curso profissional ou art\u00edstico ter\u00e3o melhores condi\u00e7\u00f5es de acesso \u00e0 faculdade, no pr\u00f3ximo ano. A proposta do Governo \u00e9 que estes alunos passem a poder entrar no ensino superior sem terem de realizar os exames nacionais. <a href=\"https:\/\/www.tsf.pt\/portugal\/sociedade\/alunos-do-ensino-profissional-vao-poder-entrar-no-ensino-superior-sem-exames-nacionais-11837299.html\">Mais&#8230;<\/a><\/div>\n","protected":false},"excerpt":{"rendered":"<p>O ministro da Ci\u00eancia, Tecnologia e Ensino Superior, Manuel Heitor, anunciou que os estudantes que terminem um curso profissional ou art\u00edstico ter\u00e3o melhores condi\u00e7\u00f5es de acesso \u00e0 faculdade, no pr\u00f3ximo ano. A proposta do Governo \u00e9 que estes alunos passem a poder entrar no ensino superior sem terem de realizar os exames nacionais. Mais&#8230;<\/p>\n","protected":false},"author":1,"featured_media":0,"comment_status":"closed","ping_status":"closed","sticky":false,"template":"","format":"standard","meta":{"footnotes":""},"categories":[15],"tags":[1319,3837,3329],"class_list":["post-6325","post","type-post","status-publish","format-standard","hentry","category-tic-mais","tag-acesso","tag-cursos-profissionais","tag-ensino-superior"],"_links":{"self":[{"href":"https:\/\/www.ticmais.pt\/index.php?rest_route=\/wp\/v2\/posts\/6325","targetHints":{"allow":["GET"]}}],"collection":[{"href":"https:\/\/www.ticmais.pt\/index.php?rest_route=\/wp\/v2\/posts"}],"about":[{"href":"https:\/\/www.ticmais.pt\/index.php?rest_route=\/wp\/v2\/types\/post"}],"author":[{"embeddable":true,"href":"https:\/\/www.ticmais.pt\/index.php?rest_route=\/wp\/v2\/users\/1"}],"replies":[{"embeddable":true,"href":"https:\/\/www.ticmais.pt\/index.php?rest_route=%2Fwp%2Fv2%2Fcomments&post=6325"}],"version-history":[{"count":0,"href":"https:\/\/www.ticmais.pt\/index.php?rest_route=\/wp\/v2\/posts\/6325\/revisions"}],"wp:attachment":[{"href":"https:\/\/www.ticmais.pt\/index.php?rest_route=%2Fwp%2Fv2%2Fmedia&parent=6325"}],"wp:term":[{"taxonomy":"category","embeddable":true,"href":"https:\/\/www.ticmais.pt\/index.php?rest_route=%2Fwp%2Fv2%2Fcategories&post=6325"},{"taxonomy":"post_tag","embeddable":true,"href":"https:\/\/www.ticmais.pt\/index.php?rest_route=%2Fwp%2Fv2%2Ftags&post=6325"}],"curies":[{"name":"wp","href":"https:\/\/api.w.org\/{rel}","templated":true}]}}