{"id":6329,"date":"2020-02-28T01:16:18","date_gmt":"2020-02-28T00:16:18","guid":{"rendered":"https:\/\/www.ticmais.pt\/?p=6329"},"modified":"2020-02-28T01:22:52","modified_gmt":"2020-02-28T00:22:52","slug":"citroen-ami-um-carro-100-eletrico-que-custa-6-900-euros-ou-20-euros-por-mes","status":"publish","type":"post","link":"https:\/\/www.ticmais.pt\/?p=6329","title":{"rendered":"Citro\u00ebn Ami: Um carro 100% el\u00e9trico que custa 6.900 euros ou 20 euros por m\u00eas"},"content":{"rendered":"<p><img decoding=\"async\" class=\"alignleft\" src=\"https:\/\/www.ticmais.pt\/ticmais\/imagens\/CitronAmiUmcarro100eltricoquecusta6.900eurosou20eurospormsA.jpg\" \/><\/p>\n<div style=\"text-align: justify;\">Os carros el\u00e9tricos ser\u00e3o t\u00e3o baratos que os vamos poder comprar como se fossem smartphones. Ok, pode parecer exagero, mas se pensarmos que os smartphones est\u00e3o a ficar mais caros e os el\u00e9tricos mais baratos, brevemente haver\u00e1 um ponto convergente. Indo ao encontro desta verdade, a Citro\u00ebn apresenta ao mundo o seu carro 100% el\u00e9trico, compacto e urbano, com o qual pretende chegar a todos. Chama-se Ami, tem lugar para dois e 70 km de autonomia, tudo isto num aluguer de apenas 19,99\u20ac\/m\u00eas. <a href=\"https:\/\/pplware.sapo.pt\/motores\/citroen-ami-um-carro-100-electrico-que-custa-6-900-euros-ou-20-euros-por-mes\/\">Mais&#8230;<\/a><\/div>\n","protected":false},"excerpt":{"rendered":"<p>Os carros el\u00e9tricos ser\u00e3o t\u00e3o baratos que os vamos poder comprar como se fossem smartphones. Ok, pode parecer exagero, mas se pensarmos que os smartphones est\u00e3o a ficar mais caros e os el\u00e9tricos mais baratos, brevemente haver\u00e1 um ponto convergente. Indo ao encontro desta verdade, a Citro\u00ebn apresenta ao mundo o seu carro 100% el\u00e9trico, [&hellip;]<\/p>\n","protected":false},"author":1,"featured_media":0,"comment_status":"closed","ping_status":"closed","sticky":false,"template":"","format":"standard","meta":{"footnotes":""},"categories":[15],"tags":[2677,3843,59],"class_list":["post-6329","post","type-post","status-publish","format-standard","hentry","category-tic-mais","tag-citroen","tag-citroen-ami","tag-veiculos-electricos"],"_links":{"self":[{"href":"https:\/\/www.ticmais.pt\/index.php?rest_route=\/wp\/v2\/posts\/6329","targetHints":{"allow":["GET"]}}],"collection":[{"href":"https:\/\/www.ticmais.pt\/index.php?rest_route=\/wp\/v2\/posts"}],"about":[{"href":"https:\/\/www.ticmais.pt\/index.php?rest_route=\/wp\/v2\/types\/post"}],"author":[{"embeddable":true,"href":"https:\/\/www.ticmais.pt\/index.php?rest_route=\/wp\/v2\/users\/1"}],"replies":[{"embeddable":true,"href":"https:\/\/www.ticmais.pt\/index.php?rest_route=%2Fwp%2Fv2%2Fcomments&post=6329"}],"version-history":[{"count":0,"href":"https:\/\/www.ticmais.pt\/index.php?rest_route=\/wp\/v2\/posts\/6329\/revisions"}],"wp:attachment":[{"href":"https:\/\/www.ticmais.pt\/index.php?rest_route=%2Fwp%2Fv2%2Fmedia&parent=6329"}],"wp:term":[{"taxonomy":"category","embeddable":true,"href":"https:\/\/www.ticmais.pt\/index.php?rest_route=%2Fwp%2Fv2%2Fcategories&post=6329"},{"taxonomy":"post_tag","embeddable":true,"href":"https:\/\/www.ticmais.pt\/index.php?rest_route=%2Fwp%2Fv2%2Ftags&post=6329"}],"curies":[{"name":"wp","href":"https:\/\/api.w.org\/{rel}","templated":true}]}}