{"id":6330,"date":"2020-03-03T21:19:46","date_gmt":"2020-03-03T20:19:46","guid":{"rendered":"https:\/\/www.ticmais.pt\/?p=6330"},"modified":"2020-03-25T22:16:05","modified_gmt":"2020-03-25T21:16:05","slug":"governo-quer-formar-3-000-pessoas-em-tic-num-ano-e-promete-salarios-acima-da-media-de-mercado","status":"publish","type":"post","link":"https:\/\/www.ticmais.pt\/?p=6330","title":{"rendered":"Governo quer formar 3.000 pessoas em TIC num ano. E promete sal\u00e1rios &#8220;acima da m\u00e9dia de mercado&#8221;"},"content":{"rendered":"<p><img decoding=\"async\" class=\"alignleft\" src=\"https:\/\/www.ticmais.pt\/ticmais\/imagens\/tic.jpg\" \/><\/p>\n<div style=\"text-align: justify;\">O Conselho de Ministros vai aprovar esta semana o Programa de A\u00e7\u00e3o para a Transi\u00e7\u00e3o Digital, estando j\u00e1 claros alguns objetivos. O Skills Up \u00e9 um dos projetos j\u00e1 conhecidos e desenvolvidos neste \u00e2mbito e quer formar, no prazo de um ano, 3.000 pessoas na \u00e1rea das Tecnologias da Informa\u00e7\u00e3o e Comunica\u00e7\u00e3o (TIC). <a href=\"https:\/\/tek.sapo.pt\/noticias\/negocios\/artigos\/governo-quer-formar-3-000-pessoas-em-tic-ate-2021-e-promete-salarios-acima-da-media-de-mercado\">Mais&#8230;<\/a><\/div>\n","protected":false},"excerpt":{"rendered":"<p>O Conselho de Ministros vai aprovar esta semana o Programa de A\u00e7\u00e3o para a Transi\u00e7\u00e3o Digital, estando j\u00e1 claros alguns objetivos. O Skills Up \u00e9 um dos projetos j\u00e1 conhecidos e desenvolvidos neste \u00e2mbito e quer formar, no prazo de um ano, 3.000 pessoas na \u00e1rea das Tecnologias da Informa\u00e7\u00e3o e Comunica\u00e7\u00e3o (TIC). Mais&#8230;<\/p>\n","protected":false},"author":1,"featured_media":0,"comment_status":"closed","ping_status":"closed","sticky":false,"template":"","format":"standard","meta":{"footnotes":""},"categories":[15],"tags":[358,121,3844,3845,363],"class_list":["post-6330","post","type-post","status-publish","format-standard","hentry","category-tic-mais","tag-antonio-pinheiro-ticmais","tag-governo","tag-programa-de-acao-para-a-transicao-digital","tag-skills-up","tag-tic"],"_links":{"self":[{"href":"https:\/\/www.ticmais.pt\/index.php?rest_route=\/wp\/v2\/posts\/6330","targetHints":{"allow":["GET"]}}],"collection":[{"href":"https:\/\/www.ticmais.pt\/index.php?rest_route=\/wp\/v2\/posts"}],"about":[{"href":"https:\/\/www.ticmais.pt\/index.php?rest_route=\/wp\/v2\/types\/post"}],"author":[{"embeddable":true,"href":"https:\/\/www.ticmais.pt\/index.php?rest_route=\/wp\/v2\/users\/1"}],"replies":[{"embeddable":true,"href":"https:\/\/www.ticmais.pt\/index.php?rest_route=%2Fwp%2Fv2%2Fcomments&post=6330"}],"version-history":[{"count":0,"href":"https:\/\/www.ticmais.pt\/index.php?rest_route=\/wp\/v2\/posts\/6330\/revisions"}],"wp:attachment":[{"href":"https:\/\/www.ticmais.pt\/index.php?rest_route=%2Fwp%2Fv2%2Fmedia&parent=6330"}],"wp:term":[{"taxonomy":"category","embeddable":true,"href":"https:\/\/www.ticmais.pt\/index.php?rest_route=%2Fwp%2Fv2%2Fcategories&post=6330"},{"taxonomy":"post_tag","embeddable":true,"href":"https:\/\/www.ticmais.pt\/index.php?rest_route=%2Fwp%2Fv2%2Ftags&post=6330"}],"curies":[{"name":"wp","href":"https:\/\/api.w.org\/{rel}","templated":true}]}}