{"id":6337,"date":"2020-03-05T20:47:15","date_gmt":"2020-03-05T19:47:15","guid":{"rendered":"https:\/\/www.ticmais.pt\/?p=6337"},"modified":"2020-03-05T20:54:00","modified_gmt":"2020-03-05T19:54:00","slug":"governo-apresenta-oficialmente-o-plano-de-acao-para-a-transicao-digital","status":"publish","type":"post","link":"https:\/\/www.ticmais.pt\/?p=6337","title":{"rendered":"Governo apresenta oficialmente o Plano de A\u00e7\u00e3o para a Transi\u00e7\u00e3o Digital"},"content":{"rendered":"<p><img decoding=\"async\" class=\"alignleft\" src=\"https:\/\/www.ticmais.pt\/ticmais\/imagens\/GovernoapresentaoficialmenteoPlanodeAoparaaTransioDigitalA.jpg\" \/><\/p>\n<div style=\"text-align: justify;\">Foi hoje aprovado em Conselho de Ministros o Plano de A\u00e7\u00e3o para a Transi\u00e7\u00e3o Digital, inserido na Estrutura de Miss\u00e3o Portugal Digital. Um dos projetos que j\u00e1 tinham sido apresentados \u00e9 o Skills Up, que promete formar 3.000 pessoas, no prazo de um ano, 3.000 pessoas na \u00e1rea das Tecnologias da Informa\u00e7\u00e3o e Comunica\u00e7\u00e3o (TIC). A\u00a0 p\u00e1gina oficial j\u00e1 foi disponibilizada com o plano de a\u00e7\u00e3o desenhado para ser o \u201cmotor de transforma\u00e7\u00e3o do pa\u00eds\u201d, apontando a tr\u00eas pilares essenciais: capacita\u00e7\u00e3o digital das pessoas, transforma\u00e7\u00e3o digital das empresas e digitaliza\u00e7\u00e3o do Estado. <a href=\"https:\/\/tek.sapo.pt\/noticias\/computadores\/artigos\/governo-apresenta-plano-de-acao-para-a-transicao-digital\">Mais&#8230;<\/a><\/div>\n","protected":false},"excerpt":{"rendered":"<p>Foi hoje aprovado em Conselho de Ministros o Plano de A\u00e7\u00e3o para a Transi\u00e7\u00e3o Digital, inserido na Estrutura de Miss\u00e3o Portugal Digital. Um dos projetos que j\u00e1 tinham sido apresentados \u00e9 o Skills Up, que promete formar 3.000 pessoas, no prazo de um ano, 3.000 pessoas na \u00e1rea das Tecnologias da Informa\u00e7\u00e3o e Comunica\u00e7\u00e3o (TIC). [&hellip;]<\/p>\n","protected":false},"author":1,"featured_media":0,"comment_status":"closed","ping_status":"closed","sticky":false,"template":"","format":"standard","meta":{"footnotes":""},"categories":[15],"tags":[121,8,3859,9,3858,363],"class_list":["post-6337","post","type-post","status-publish","format-standard","hentry","category-tic-mais","tag-governo","tag-inclusao-digital","tag-missao-portugal-digital","tag-modernizacao-administrativa","tag-plano-de-acao-para-a-transicao-digital","tag-tic"],"_links":{"self":[{"href":"https:\/\/www.ticmais.pt\/index.php?rest_route=\/wp\/v2\/posts\/6337","targetHints":{"allow":["GET"]}}],"collection":[{"href":"https:\/\/www.ticmais.pt\/index.php?rest_route=\/wp\/v2\/posts"}],"about":[{"href":"https:\/\/www.ticmais.pt\/index.php?rest_route=\/wp\/v2\/types\/post"}],"author":[{"embeddable":true,"href":"https:\/\/www.ticmais.pt\/index.php?rest_route=\/wp\/v2\/users\/1"}],"replies":[{"embeddable":true,"href":"https:\/\/www.ticmais.pt\/index.php?rest_route=%2Fwp%2Fv2%2Fcomments&post=6337"}],"version-history":[{"count":0,"href":"https:\/\/www.ticmais.pt\/index.php?rest_route=\/wp\/v2\/posts\/6337\/revisions"}],"wp:attachment":[{"href":"https:\/\/www.ticmais.pt\/index.php?rest_route=%2Fwp%2Fv2%2Fmedia&parent=6337"}],"wp:term":[{"taxonomy":"category","embeddable":true,"href":"https:\/\/www.ticmais.pt\/index.php?rest_route=%2Fwp%2Fv2%2Fcategories&post=6337"},{"taxonomy":"post_tag","embeddable":true,"href":"https:\/\/www.ticmais.pt\/index.php?rest_route=%2Fwp%2Fv2%2Ftags&post=6337"}],"curies":[{"name":"wp","href":"https:\/\/api.w.org\/{rel}","templated":true}]}}