{"id":6338,"date":"2020-03-05T21:03:29","date_gmt":"2020-03-05T20:03:29","guid":{"rendered":"https:\/\/www.ticmais.pt\/?p=6338"},"modified":"2020-03-05T21:05:40","modified_gmt":"2020-03-05T20:05:40","slug":"dia-mundial-da-eficiencia-energetica-pequenos-e-grandes-gestos-para-consumos-mais-conscientes","status":"publish","type":"post","link":"https:\/\/www.ticmais.pt\/?p=6338","title":{"rendered":"Dia mundial da efici\u00eancia energ\u00e9tica: Pequenos e grandes gestos para consumos mais conscientes"},"content":{"rendered":"<p><img decoding=\"async\" class=\"alignleft\" src=\"https:\/\/www.ticmais.pt\/ticmais\/imagens\/DiamundialdaeficinciaenergticaPequenosegrandesgestosparaconsumosmaisconscientes.jpg\" \/><\/p>\n<div style=\"text-align: justify;\">Hoje assinala-se o dia mundial da efici\u00eancia energ\u00e9tica. Nas palavras de Ant\u00f3nio Guterres, secret\u00e1rio-geral Na\u00e7\u00f5es Unidas, o mundo est\u00e1 a enfrentar uma &#8220;crise clim\u00e1tica global&#8221;. O trav\u00e3o para a situa\u00e7\u00e3o clim\u00e1tica cada vez mais preocupante est\u00e1 na mudan\u00e7a de comportamentos, tendo em vista a redu\u00e7\u00e3o da nossa pegada carb\u00f3nica. <a href=\"https:\/\/tek.sapo.pt\/multimedia\/artigos\/dia-mundial-da-eficiencia-energetica-pequenos-e-grandes-gestos-para-consumos-mais-conscientes\">Mais&#8230;<\/a><\/div>\n","protected":false},"excerpt":{"rendered":"<p>Hoje assinala-se o dia mundial da efici\u00eancia energ\u00e9tica. Nas palavras de Ant\u00f3nio Guterres, secret\u00e1rio-geral Na\u00e7\u00f5es Unidas, o mundo est\u00e1 a enfrentar uma &#8220;crise clim\u00e1tica global&#8221;. O trav\u00e3o para a situa\u00e7\u00e3o clim\u00e1tica cada vez mais preocupante est\u00e1 na mudan\u00e7a de comportamentos, tendo em vista a redu\u00e7\u00e3o da nossa pegada carb\u00f3nica. Mais&#8230;<\/p>\n","protected":false},"author":1,"featured_media":0,"comment_status":"closed","ping_status":"closed","sticky":false,"template":"","format":"standard","meta":{"footnotes":""},"categories":[15],"tags":[3761,3860,53,3861,3760],"class_list":["post-6338","post","type-post","status-publish","format-standard","hentry","category-tic-mais","tag-antonio-guterres","tag-dia-mundial","tag-eficiencia-energetica","tag-nacoes-unidas","tag-secretario-geral"],"_links":{"self":[{"href":"https:\/\/www.ticmais.pt\/index.php?rest_route=\/wp\/v2\/posts\/6338","targetHints":{"allow":["GET"]}}],"collection":[{"href":"https:\/\/www.ticmais.pt\/index.php?rest_route=\/wp\/v2\/posts"}],"about":[{"href":"https:\/\/www.ticmais.pt\/index.php?rest_route=\/wp\/v2\/types\/post"}],"author":[{"embeddable":true,"href":"https:\/\/www.ticmais.pt\/index.php?rest_route=\/wp\/v2\/users\/1"}],"replies":[{"embeddable":true,"href":"https:\/\/www.ticmais.pt\/index.php?rest_route=%2Fwp%2Fv2%2Fcomments&post=6338"}],"version-history":[{"count":0,"href":"https:\/\/www.ticmais.pt\/index.php?rest_route=\/wp\/v2\/posts\/6338\/revisions"}],"wp:attachment":[{"href":"https:\/\/www.ticmais.pt\/index.php?rest_route=%2Fwp%2Fv2%2Fmedia&parent=6338"}],"wp:term":[{"taxonomy":"category","embeddable":true,"href":"https:\/\/www.ticmais.pt\/index.php?rest_route=%2Fwp%2Fv2%2Fcategories&post=6338"},{"taxonomy":"post_tag","embeddable":true,"href":"https:\/\/www.ticmais.pt\/index.php?rest_route=%2Fwp%2Fv2%2Ftags&post=6338"}],"curies":[{"name":"wp","href":"https:\/\/api.w.org\/{rel}","templated":true}]}}