{"id":6344,"date":"2020-03-06T17:34:46","date_gmt":"2020-03-06T16:34:46","guid":{"rendered":"https:\/\/www.ticmais.pt\/?p=6344"},"modified":"2020-03-06T17:36:44","modified_gmt":"2020-03-06T16:36:44","slug":"motas-e-bicicletas-eletricas-podem-beneficiar-de-350-euros-de-apoios-do-estado","status":"publish","type":"post","link":"https:\/\/www.ticmais.pt\/?p=6344","title":{"rendered":"Motas e bicicletas el\u00e9tricas podem beneficiar de 350 euros de apoios do Estado"},"content":{"rendered":"<p><img decoding=\"async\" class=\"alignleft\" src=\"https:\/\/www.ticmais.pt\/ticmais\/imagens\/Motasebicicletaseltricaspodembeneficiarde350eurosdeapoiosdoEstado.jpg\" \/><\/p>\n<div style=\"text-align: justify;\">Eduardo Pinheiro, secret\u00e1rio de Estado da Mobilidade, confirmou a inten\u00e7\u00e3o de refor\u00e7ar os apoios \u00e0 compra de motas e bicicletas el\u00e9tricas ainda durante o ano de 2020. Em entrevista ao Jornal de Not\u00edcias, o governante informou que est\u00e3o a ser preparadas altera\u00e7\u00f5es que preveem a atribui\u00e7\u00e3o de benef\u00edcios de 350 euros aos consumidores que comprarem bicicletas el\u00e9tricas urbanas, veloc\u00edpedes de carga e motociclos \u2013 desde que sejam totalmente el\u00e9tricos. <a href=\"https:\/\/visao.sapo.pt\/volt\/2020-03-06-motas-e-bicicletas-eletricas-podem-beneficiar-de-350-euros-de-apoios-do-estado\/\">Mais&#8230;<\/a><\/div>\n","protected":false},"excerpt":{"rendered":"<p>Eduardo Pinheiro, secret\u00e1rio de Estado da Mobilidade, confirmou a inten\u00e7\u00e3o de refor\u00e7ar os apoios \u00e0 compra de motas e bicicletas el\u00e9tricas ainda durante o ano de 2020. Em entrevista ao Jornal de Not\u00edcias, o governante informou que est\u00e3o a ser preparadas altera\u00e7\u00f5es que preveem a atribui\u00e7\u00e3o de benef\u00edcios de 350 euros aos consumidores que comprarem [&hellip;]<\/p>\n","protected":false},"author":1,"featured_media":0,"comment_status":"closed","ping_status":"closed","sticky":false,"template":"","format":"standard","meta":{"footnotes":""},"categories":[15],"tags":[172,3870,2218,388,202,2221],"class_list":["post-6344","post","type-post","status-publish","format-standard","hentry","category-tic-mais","tag-apoios","tag-bicicletas","tag-electricas","tag-estado","tag-mobilidade","tag-motas"],"_links":{"self":[{"href":"https:\/\/www.ticmais.pt\/index.php?rest_route=\/wp\/v2\/posts\/6344","targetHints":{"allow":["GET"]}}],"collection":[{"href":"https:\/\/www.ticmais.pt\/index.php?rest_route=\/wp\/v2\/posts"}],"about":[{"href":"https:\/\/www.ticmais.pt\/index.php?rest_route=\/wp\/v2\/types\/post"}],"author":[{"embeddable":true,"href":"https:\/\/www.ticmais.pt\/index.php?rest_route=\/wp\/v2\/users\/1"}],"replies":[{"embeddable":true,"href":"https:\/\/www.ticmais.pt\/index.php?rest_route=%2Fwp%2Fv2%2Fcomments&post=6344"}],"version-history":[{"count":0,"href":"https:\/\/www.ticmais.pt\/index.php?rest_route=\/wp\/v2\/posts\/6344\/revisions"}],"wp:attachment":[{"href":"https:\/\/www.ticmais.pt\/index.php?rest_route=%2Fwp%2Fv2%2Fmedia&parent=6344"}],"wp:term":[{"taxonomy":"category","embeddable":true,"href":"https:\/\/www.ticmais.pt\/index.php?rest_route=%2Fwp%2Fv2%2Fcategories&post=6344"},{"taxonomy":"post_tag","embeddable":true,"href":"https:\/\/www.ticmais.pt\/index.php?rest_route=%2Fwp%2Fv2%2Ftags&post=6344"}],"curies":[{"name":"wp","href":"https:\/\/api.w.org\/{rel}","templated":true}]}}