{"id":6359,"date":"2020-03-20T23:37:13","date_gmt":"2020-03-20T22:37:13","guid":{"rendered":"https:\/\/www.ticmais.pt\/?p=6359"},"modified":"2020-03-20T23:38:07","modified_gmt":"2020-03-20T22:38:07","slug":"makers-ja-desenvolveram-um-prototipo-de-um-ventilador-de-baixo-custo","status":"publish","type":"post","link":"https:\/\/www.ticmais.pt\/?p=6359","title":{"rendered":"Makers j\u00e1 desenvolveram um prot\u00f3tipo de um ventilador de baixo custo"},"content":{"rendered":"<p><img decoding=\"async\" class=\"alignleft\" src=\"https:\/\/www.ticmais.pt\/ticmais\/imagens\/Makersjdesenvolveramumprottipodeumventiladordebaixocusto.jpg\" \/><\/p>\n<p style=\"text-align: justify;\">O prot\u00f3tipo do ventilador proposto usa componentes impressos em 3D e materiais econ\u00f3micos e f\u00e1ceis de encontrar no mercado.<br \/>\nEspecialistas de v\u00e1rias \u00e1reas e empreendedores t\u00eam-se juntado em plataformas colaborativas para desenvolver ferramentas para apoiar os servi\u00e7os de sa\u00fade a combater a Covid-19, a doen\u00e7a provocada pelo novo Coronav\u00edrus. <a href=\"https:\/\/visao.sapo.pt\/exameinformatica\/noticias-ei\/hardware\/2020-03-20-makers-ja-desenvolveram-um-prototipo-de-um-ventilador-de-baixo-custo\/\">Mais&#8230;<\/a><\/p>\n","protected":false},"excerpt":{"rendered":"<p>O prot\u00f3tipo do ventilador proposto usa componentes impressos em 3D e materiais econ\u00f3micos e f\u00e1ceis de encontrar no mercado. Especialistas de v\u00e1rias \u00e1reas e empreendedores t\u00eam-se juntado em plataformas colaborativas para desenvolver ferramentas para apoiar os servi\u00e7os de sa\u00fade a combater a Covid-19, a doen\u00e7a provocada pelo novo Coronav\u00edrus. Mais&#8230;<\/p>\n","protected":false},"author":1,"featured_media":0,"comment_status":"closed","ping_status":"closed","sticky":false,"template":"","format":"standard","meta":{"footnotes":""},"categories":[15],"tags":[3884,3848,3839,3883],"class_list":["post-6359","post","type-post","status-publish","format-standard","hentry","category-tic-mais","tag-baixo-custo","tag-covid-19","tag-impressao-3d","tag-ventiladores"],"_links":{"self":[{"href":"https:\/\/www.ticmais.pt\/index.php?rest_route=\/wp\/v2\/posts\/6359","targetHints":{"allow":["GET"]}}],"collection":[{"href":"https:\/\/www.ticmais.pt\/index.php?rest_route=\/wp\/v2\/posts"}],"about":[{"href":"https:\/\/www.ticmais.pt\/index.php?rest_route=\/wp\/v2\/types\/post"}],"author":[{"embeddable":true,"href":"https:\/\/www.ticmais.pt\/index.php?rest_route=\/wp\/v2\/users\/1"}],"replies":[{"embeddable":true,"href":"https:\/\/www.ticmais.pt\/index.php?rest_route=%2Fwp%2Fv2%2Fcomments&post=6359"}],"version-history":[{"count":0,"href":"https:\/\/www.ticmais.pt\/index.php?rest_route=\/wp\/v2\/posts\/6359\/revisions"}],"wp:attachment":[{"href":"https:\/\/www.ticmais.pt\/index.php?rest_route=%2Fwp%2Fv2%2Fmedia&parent=6359"}],"wp:term":[{"taxonomy":"category","embeddable":true,"href":"https:\/\/www.ticmais.pt\/index.php?rest_route=%2Fwp%2Fv2%2Fcategories&post=6359"},{"taxonomy":"post_tag","embeddable":true,"href":"https:\/\/www.ticmais.pt\/index.php?rest_route=%2Fwp%2Fv2%2Ftags&post=6359"}],"curies":[{"name":"wp","href":"https:\/\/api.w.org\/{rel}","templated":true}]}}