{"id":6381,"date":"2020-03-25T21:12:51","date_gmt":"2020-03-25T20:12:51","guid":{"rendered":"https:\/\/www.ticmais.pt\/?p=6381"},"modified":"2020-03-25T21:12:51","modified_gmt":"2020-03-25T20:12:51","slug":"bill-gates-considera-irresponsavel-querer-retomar-ja-a-atividade-economica-normal","status":"publish","type":"post","link":"https:\/\/www.ticmais.pt\/?p=6381","title":{"rendered":"Bill Gates considera \u201cirrespons\u00e1vel\u201d querer retomar j\u00e1 a atividade econ\u00f3mica normal"},"content":{"rendered":"<p><img decoding=\"async\" class=\"alignleft\" src=\"https:\/\/www.ticmais.pt\/ticmais\/imagens\/BillGatesconsiderairresponsvelquererretomarjaatividadeeconmicanormal.jpg\" \/><\/p>\n<div style=\"text-align: justify;\"><span>O fundador da Microsoft falou da proposta de alguns l\u00edderes mundiais durante uma entrevista \u00e0 TED dizendo que \u201cn\u00e3o h\u00e1 meio termo aqui, \u00e9 muito dif\u00edcil dizermos \u00e0s pessoas \u2018continuem a ir a restaurantes, a comprar novas casas e ignorem o amontoado de corpos ali no canto. Queremos que continuem a gastar porque talvez haja um pol\u00edtico que pensa que o crescimento do PIB \u00e9 tudo quanto importa\u2019 (\u2026) \u00c9 uma sugest\u00e3o bastante irrespons\u00e1vel algu\u00e9m pensar que podemos ter o melhor de dois mundos\u201d. <a href=\"https:\/\/visao.sapo.pt\/exameinformatica\/noticias-ei\/mercados\/2020-03-25-bill-gates-considera-irresponsavel-querer-retomar-ja-a-atividade-economica-normal\/\">Mais&#8230;<\/a><\/span><\/div>\n","protected":false},"excerpt":{"rendered":"<p>O fundador da Microsoft falou da proposta de alguns l\u00edderes mundiais durante uma entrevista \u00e0 TED dizendo que \u201cn\u00e3o h\u00e1 meio termo aqui, \u00e9 muito dif\u00edcil dizermos \u00e0s pessoas \u2018continuem a ir a restaurantes, a comprar novas casas e ignorem o amontoado de corpos ali no canto. Queremos que continuem a gastar porque talvez haja [&hellip;]<\/p>\n","protected":false},"author":1,"featured_media":0,"comment_status":"closed","ping_status":"closed","sticky":false,"template":"","format":"standard","meta":{"footnotes":""},"categories":[15],"tags":[3290,3848],"class_list":["post-6381","post","type-post","status-publish","format-standard","hentry","category-tic-mais","tag-bill-gates","tag-covid-19"],"_links":{"self":[{"href":"https:\/\/www.ticmais.pt\/index.php?rest_route=\/wp\/v2\/posts\/6381","targetHints":{"allow":["GET"]}}],"collection":[{"href":"https:\/\/www.ticmais.pt\/index.php?rest_route=\/wp\/v2\/posts"}],"about":[{"href":"https:\/\/www.ticmais.pt\/index.php?rest_route=\/wp\/v2\/types\/post"}],"author":[{"embeddable":true,"href":"https:\/\/www.ticmais.pt\/index.php?rest_route=\/wp\/v2\/users\/1"}],"replies":[{"embeddable":true,"href":"https:\/\/www.ticmais.pt\/index.php?rest_route=%2Fwp%2Fv2%2Fcomments&post=6381"}],"version-history":[{"count":0,"href":"https:\/\/www.ticmais.pt\/index.php?rest_route=\/wp\/v2\/posts\/6381\/revisions"}],"wp:attachment":[{"href":"https:\/\/www.ticmais.pt\/index.php?rest_route=%2Fwp%2Fv2%2Fmedia&parent=6381"}],"wp:term":[{"taxonomy":"category","embeddable":true,"href":"https:\/\/www.ticmais.pt\/index.php?rest_route=%2Fwp%2Fv2%2Fcategories&post=6381"},{"taxonomy":"post_tag","embeddable":true,"href":"https:\/\/www.ticmais.pt\/index.php?rest_route=%2Fwp%2Fv2%2Ftags&post=6381"}],"curies":[{"name":"wp","href":"https:\/\/api.w.org\/{rel}","templated":true}]}}