{"id":6384,"date":"2020-03-25T23:21:26","date_gmt":"2020-03-25T22:21:26","guid":{"rendered":"https:\/\/www.ticmais.pt\/?p=6384"},"modified":"2020-03-25T23:21:26","modified_gmt":"2020-03-25T22:21:26","slug":"carro-eletrico-da-citroen-que-custa-6900e-prestes-a-entrar-em-pre-venda","status":"publish","type":"post","link":"https:\/\/www.ticmais.pt\/?p=6384","title":{"rendered":"Carro el\u00e9trico da Citro\u00ebn que custa 6900\u20ac prestes a entrar em pr\u00e9-venda"},"content":{"rendered":"<p><img decoding=\"async\" class=\"alignleft\" src=\"https:\/\/www.ticmais.pt\/ticmais\/imagens\/CarroeltricodaCitronquecusta6900prestesaentrarempr-venda.jpg\" \/><\/p>\n<div style=\"text-align: justify;\"><span>A nova aposta da Citro\u00ebn no segmento el\u00e9trico promete trazer aos consumidores um ve\u00edculo que pretende ser para todos no tamanho, no pre\u00e7o e na disponibilidade. O Citro\u00ebn Ami \u00e9 um citadino de dois lugares que vai chegar ao mercado por 6900\u20ac, e as pr\u00e9-vendas t\u00eam in\u00edcio em Fran\u00e7a j\u00e1 a 30 de mar\u00e7o. <a href=\"https:\/\/4gnews.pt\/carro-eletrico-da-citroen-que-custa-6900-prestes-a-entrar-em-pre-venda\/\">Mais&#8230;<\/a><\/span><\/div>\n","protected":false},"excerpt":{"rendered":"<p>A nova aposta da Citro\u00ebn no segmento el\u00e9trico promete trazer aos consumidores um ve\u00edculo que pretende ser para todos no tamanho, no pre\u00e7o e na disponibilidade. O Citro\u00ebn Ami \u00e9 um citadino de dois lugares que vai chegar ao mercado por 6900\u20ac, e as pr\u00e9-vendas t\u00eam in\u00edcio em Fran\u00e7a j\u00e1 a 30 de mar\u00e7o. Mais&#8230;<\/p>\n","protected":false},"author":1,"featured_media":0,"comment_status":"closed","ping_status":"closed","sticky":false,"template":"","format":"standard","meta":{"footnotes":""},"categories":[15],"tags":[3843,59],"class_list":["post-6384","post","type-post","status-publish","format-standard","hentry","category-tic-mais","tag-citroen-ami","tag-veiculos-electricos"],"_links":{"self":[{"href":"https:\/\/www.ticmais.pt\/index.php?rest_route=\/wp\/v2\/posts\/6384","targetHints":{"allow":["GET"]}}],"collection":[{"href":"https:\/\/www.ticmais.pt\/index.php?rest_route=\/wp\/v2\/posts"}],"about":[{"href":"https:\/\/www.ticmais.pt\/index.php?rest_route=\/wp\/v2\/types\/post"}],"author":[{"embeddable":true,"href":"https:\/\/www.ticmais.pt\/index.php?rest_route=\/wp\/v2\/users\/1"}],"replies":[{"embeddable":true,"href":"https:\/\/www.ticmais.pt\/index.php?rest_route=%2Fwp%2Fv2%2Fcomments&post=6384"}],"version-history":[{"count":0,"href":"https:\/\/www.ticmais.pt\/index.php?rest_route=\/wp\/v2\/posts\/6384\/revisions"}],"wp:attachment":[{"href":"https:\/\/www.ticmais.pt\/index.php?rest_route=%2Fwp%2Fv2%2Fmedia&parent=6384"}],"wp:term":[{"taxonomy":"category","embeddable":true,"href":"https:\/\/www.ticmais.pt\/index.php?rest_route=%2Fwp%2Fv2%2Fcategories&post=6384"},{"taxonomy":"post_tag","embeddable":true,"href":"https:\/\/www.ticmais.pt\/index.php?rest_route=%2Fwp%2Fv2%2Ftags&post=6384"}],"curies":[{"name":"wp","href":"https:\/\/api.w.org\/{rel}","templated":true}]}}